{"id":85671,"date":"2015-11-13T10:00:20","date_gmt":"2015-11-13T13:00:20","guid":{"rendered":"http:\/\/senoticias.com.br\/se\/?p=85671"},"modified":"2015-11-14T10:35:10","modified_gmt":"2015-11-14T13:35:10","slug":"visita-aos-lotes-do-leilao-do-detranse-comecam-segunda","status":"publish","type":"post","link":"https:\/\/senoticias.com.br\/se\/visita-aos-lotes-do-leilao-do-detranse-comecam-segunda\/","title":{"rendered":"Leil\u00e3o do Detran acontece neste s\u00e1bado"},"content":{"rendered":"<div id=\"attachment_85672\" style=\"width: 310px\" class=\"wp-caption alignright\"><a href=\"http:\/\/senoticias.com.br\/se\/wp-content\/uploads\/2015\/11\/grande-carro-detran05112015.jpg\"><img loading=\"lazy\" decoding=\"async\" aria-describedby=\"caption-attachment-85672\" class=\"size-medium wp-image-85672\" alt=\"Foto: Ascom Detran\" src=\"http:\/\/senoticias.com.br\/se\/wp-content\/uploads\/2015\/11\/grande-carro-detran05112015-300x199.jpg\" width=\"300\" height=\"199\" srcset=\"https:\/\/senoticias.com.br\/se\/wp-content\/uploads\/2015\/11\/grande-carro-detran05112015-300x199.jpg 300w, https:\/\/senoticias.com.br\/se\/wp-content\/uploads\/2015\/11\/grande-carro-detran05112015-342x227.jpg 342w, https:\/\/senoticias.com.br\/se\/wp-content\/uploads\/2015\/11\/grande-carro-detran05112015.jpg 1000w\" sizes=\"(max-width: 300px) 100vw, 300px\" \/><\/a><p id=\"caption-attachment-85672\" class=\"wp-caption-text\">Foto: Ascom Detran<\/p><\/div>\n<p style=\"text-align: justify;\">Amanh\u00e3, 14, o Departamento Estadual de Tr\u00e2nsito de Sergipe \u2013 Detran\/SE \u2013 realiza o 35\u00ba Leil\u00e3o de Ve\u00edculos. Os interessados em conhecer os lotes dispon\u00edveis t\u00eam at\u00e9 sexta-feira, dia 13, para realizar a visita ao galp\u00e3o da autarquia, das 8 \u00e0s 12 horas, localizado na avenida Jacy Carvalho Gomes, S\/N, bairro Santa Maria, pr\u00f3ximo ao Gbarbosa. Este \u00e9 o terceiro leil\u00e3o realizado este ano. O evento acontece\u00a0 a partir d\u00e0s 9 horas, no Espa\u00e7o Emes &#8211; Av. Tancredo Neves, n\u00ba 225. \u00a0 Ao todo s\u00e3o 211 motocicletas e 87 carros, somando 298 bens dispon\u00edveis. Destes, 73 est\u00e3o aptos para circular e 225 ser\u00e3o vendidos como sucata.<\/p>\n<p style=\"text-align: justify;\">O cadastro dos participantes dever\u00e1 ser realizado previamente no Espa\u00e7o Emes, de segunda a sexta-feira, das 9 \u00e0s 11h e das 14h30 \u00e0s 17 horas, e no dia do evento, 14 de novembro, at\u00e9 uma hora antes de come\u00e7ar o evento. Para isso, \u00e9 necess\u00e1rio que os interessados apresentem documenta\u00e7\u00e3o pessoal.<\/p>\n<p style=\"text-align: justify;\">Quem arrematar algum dos lotes dever\u00e1 pagar no ato 20% do lance, al\u00e9m dos 5% de comiss\u00e3o, em esp\u00e9cie, para o leiloeiro. Os 80% restantes devem ser entregues at\u00e9 uma semana ap\u00f3s o arremate. Os bens dever\u00e3o ser entregues de 30 de novembro a 14 de dezembro. O edital completo encontra-se no portal, <a href=\"http:\/\/www.detran.se.gov.br\/novo_inicio.asp\" target=\"_blank\"><strong>link `Leil\u00e3o de Ve\u00edculos<\/strong><\/a>`.<\/p>\n<p style=\"text-align: justify;\"><em>Fonte: Ascom Detran<\/em><\/p>\n<p style=\"text-align: justify;\"><strong>Acompanhe o SE Not\u00edcias no <a href=\"https:\/\/twitter.com\/Senoticias\" target=\"_blank\">Twitter <\/a>e no <a href=\"https:\/\/www.facebook.com\/PortalSENoticias\/\" target=\"_blank\">Facebook<\/a><\/strong><\/p>\n","protected":false},"excerpt":{"rendered":"<p>Amanh\u00e3, 14, o Departamento Estadual de Tr\u00e2nsito de Sergipe \u2013 Detran\/SE \u2013 realiza o 35\u00ba Leil\u00e3o de Ve\u00edculos. Os interessados em conhecer os lotes dispon\u00edveis t\u00eam at\u00e9 sexta-feira, dia 13, para realizar a visita ao galp\u00e3o da autarquia, das 8 \u00e0s 12 horas, localizado na avenida Jacy Carvalho Gomes, S\/N, bairro Santa Maria, pr\u00f3ximo ao [&hellip;]<\/p>\n","protected":false},"author":1,"featured_media":85672,"comment_status":"closed","ping_status":"closed","sticky":false,"template":"","format":"standard","meta":{"footnotes":""},"categories":[6],"tags":[],"class_list":{"0":"post-85671","1":"post","2":"type-post","3":"status-publish","4":"format-standard","5":"has-post-thumbnail","7":"category-politica"},"_links":{"self":[{"href":"https:\/\/senoticias.com.br\/se\/wp-json\/wp\/v2\/posts\/85671"}],"collection":[{"href":"https:\/\/senoticias.com.br\/se\/wp-json\/wp\/v2\/posts"}],"about":[{"href":"https:\/\/senoticias.com.br\/se\/wp-json\/wp\/v2\/types\/post"}],"author":[{"embeddable":true,"href":"https:\/\/senoticias.com.br\/se\/wp-json\/wp\/v2\/users\/1"}],"replies":[{"embeddable":true,"href":"https:\/\/senoticias.com.br\/se\/wp-json\/wp\/v2\/comments?post=85671"}],"version-history":[{"count":0,"href":"https:\/\/senoticias.com.br\/se\/wp-json\/wp\/v2\/posts\/85671\/revisions"}],"wp:featuredmedia":[{"embeddable":true,"href":"https:\/\/senoticias.com.br\/se\/wp-json\/wp\/v2\/media\/85672"}],"wp:attachment":[{"href":"https:\/\/senoticias.com.br\/se\/wp-json\/wp\/v2\/media?parent=85671"}],"wp:term":[{"taxonomy":"category","embeddable":true,"href":"https:\/\/senoticias.com.br\/se\/wp-json\/wp\/v2\/categories?post=85671"},{"taxonomy":"post_tag","embeddable":true,"href":"https:\/\/senoticias.com.br\/se\/wp-json\/wp\/v2\/tags?post=85671"}],"curies":[{"name":"wp","href":"https:\/\/api.w.org\/{rel}","templated":true}]}}