{"id":85666,"date":"2015-11-05T14:46:36","date_gmt":"2015-11-05T17:46:36","guid":{"rendered":"http:\/\/senoticias.com.br\/se\/?p=85666"},"modified":"2015-11-08T09:04:13","modified_gmt":"2015-11-08T12:04:13","slug":"delegados-reduzem-horario-de-trabalho-em-protesto-contra-o-governo","status":"publish","type":"post","link":"https:\/\/senoticias.com.br\/se\/delegados-reduzem-horario-de-trabalho-em-protesto-contra-o-governo\/","title":{"rendered":"Delegados reduzem hor\u00e1rio de trabalho em protesto contra o Governo"},"content":{"rendered":"<div id=\"attachment_85667\" style=\"width: 310px\" class=\"wp-caption alignright\"><a href=\"http:\/\/senoticias.com.br\/se\/wp-content\/uploads\/2015\/11\/PCjpg.jpg\"><img loading=\"lazy\" decoding=\"async\" aria-describedby=\"caption-attachment-85667\" class=\"size-medium wp-image-85667\" alt=\"Foto: Divulga\u00e7\u00e3o \" src=\"http:\/\/senoticias.com.br\/se\/wp-content\/uploads\/2015\/11\/PCjpg-300x300.jpg\" width=\"300\" height=\"300\" srcset=\"https:\/\/senoticias.com.br\/se\/wp-content\/uploads\/2015\/11\/PCjpg-300x300.jpg 300w, https:\/\/senoticias.com.br\/se\/wp-content\/uploads\/2015\/11\/PCjpg-150x150.jpg 150w, https:\/\/senoticias.com.br\/se\/wp-content\/uploads\/2015\/11\/PCjpg.jpg 1024w, https:\/\/senoticias.com.br\/se\/wp-content\/uploads\/2015\/11\/PCjpg-50x50.jpg 50w, https:\/\/senoticias.com.br\/se\/wp-content\/uploads\/2015\/11\/PCjpg-342x342.jpg 342w, https:\/\/senoticias.com.br\/se\/wp-content\/uploads\/2015\/11\/PCjpg-70x70.jpg 70w, https:\/\/senoticias.com.br\/se\/wp-content\/uploads\/2015\/11\/PCjpg-55x55.jpg 55w\" sizes=\"(max-width: 300px) 100vw, 300px\" \/><\/a><p id=\"caption-attachment-85667\" class=\"wp-caption-text\">Foto: Divulga\u00e7\u00e3o<\/p><\/div>\n<p style=\"text-align: justify;\">Os delegados de Pol\u00edcia Civil v\u00e3o trabalhar apenas meio expediente a partir da pr\u00f3xima segunda-feira (9). Essa foi a forma que eles encontraram para demonstrar a insatisfa\u00e7\u00e3o com os constantes parcelamentos dos sal\u00e1rios dos servidores do Governo do Estado.<\/p>\n<p style=\"text-align: justify;\">Em assembleia realizada na quarta-feira (4), a categoria decidiu que todas as delegacias da capital e interior v\u00e3o funcionar apenas das 8h \u00e0s 12h at\u00e9 o dia 30 de novembro deste ano.<\/p>\n<p style=\"text-align: justify;\">\u201cA medida constitui um desdobramento da Opera\u00e7\u00e3o Parcelamento, uma maneira de os delegados demonstrarem sua insatisfa\u00e7\u00e3o com o modo desrespeitoso com que v\u00eam sendo tratados pelo governo em rela\u00e7\u00e3o \u00e0 pontualidade do pagamento dos seus sal\u00e1rios\u201d, justificou o delegado Paulo M\u00e1rcio, presidente da Associa\u00e7\u00e3o dos Delegados de Pol\u00edcia Civil (Adepol).<\/p>\n<p style=\"text-align: justify;\"><em>Com informa\u00e7\u00f5es do G1, em Sergipe<\/em><\/p>\n<p style=\"text-align: justify;\"><strong>Acompanhe o SE Not\u00edcias no <a href=\"https:\/\/twitter.com\/Senoticias\" target=\"_blank\">Twitter <\/a>e no <a href=\"https:\/\/www.facebook.com\/PortalSENoticias\/\" target=\"_blank\">Facebook<\/a><\/strong><\/p>\n","protected":false},"excerpt":{"rendered":"<p>Os delegados de Pol\u00edcia Civil v\u00e3o trabalhar apenas meio expediente a partir da pr\u00f3xima segunda-feira (9). Essa foi a forma que eles encontraram para demonstrar a insatisfa\u00e7\u00e3o com os constantes parcelamentos dos sal\u00e1rios dos servidores do Governo do Estado. Em assembleia realizada na quarta-feira (4), a categoria decidiu que todas as delegacias da capital e [&hellip;]<\/p>\n","protected":false},"author":1,"featured_media":85667,"comment_status":"closed","ping_status":"closed","sticky":false,"template":"","format":"standard","meta":{"footnotes":""},"categories":[15],"tags":[],"class_list":{"0":"post-85666","1":"post","2":"type-post","3":"status-publish","4":"format-standard","5":"has-post-thumbnail","7":"category-destaques"},"_links":{"self":[{"href":"https:\/\/senoticias.com.br\/se\/wp-json\/wp\/v2\/posts\/85666"}],"collection":[{"href":"https:\/\/senoticias.com.br\/se\/wp-json\/wp\/v2\/posts"}],"about":[{"href":"https:\/\/senoticias.com.br\/se\/wp-json\/wp\/v2\/types\/post"}],"author":[{"embeddable":true,"href":"https:\/\/senoticias.com.br\/se\/wp-json\/wp\/v2\/users\/1"}],"replies":[{"embeddable":true,"href":"https:\/\/senoticias.com.br\/se\/wp-json\/wp\/v2\/comments?post=85666"}],"version-history":[{"count":0,"href":"https:\/\/senoticias.com.br\/se\/wp-json\/wp\/v2\/posts\/85666\/revisions"}],"wp:featuredmedia":[{"embeddable":true,"href":"https:\/\/senoticias.com.br\/se\/wp-json\/wp\/v2\/media\/85667"}],"wp:attachment":[{"href":"https:\/\/senoticias.com.br\/se\/wp-json\/wp\/v2\/media?parent=85666"}],"wp:term":[{"taxonomy":"category","embeddable":true,"href":"https:\/\/senoticias.com.br\/se\/wp-json\/wp\/v2\/categories?post=85666"},{"taxonomy":"post_tag","embeddable":true,"href":"https:\/\/senoticias.com.br\/se\/wp-json\/wp\/v2\/tags?post=85666"}],"curies":[{"name":"wp","href":"https:\/\/api.w.org\/{rel}","templated":true}]}}