{"id":85663,"date":"2015-11-05T14:38:19","date_gmt":"2015-11-05T17:38:19","guid":{"rendered":"http:\/\/senoticias.com.br\/se\/?p=85663"},"modified":"2015-11-05T14:38:19","modified_gmt":"2015-11-05T17:38:19","slug":"coleta-do-lixo-continua-suspensa-em-aracaju","status":"publish","type":"post","link":"https:\/\/senoticias.com.br\/se\/coleta-do-lixo-continua-suspensa-em-aracaju\/","title":{"rendered":"Coleta do lixo continua suspensa em Aracaju"},"content":{"rendered":"<p style=\"text-align: justify;\">Os servi\u00e7os de coleta de lixo e de limpeza urbana continuam suspensos na manh\u00e3 desta quinta-feira (5) em Aracaju. Este \u00e9 o segundo dia de paralisa\u00e7\u00e3o da categoria que pede o pagamento dos benef\u00edcios referentes ao m\u00eas de novembro que, segundo o Sindicato dos Empregados de Limpeza P\u00fablica e Comercial do Estado de Sergipe (Sindilimp), deveriam ter sido pagos no \u00faltimo dia \u00fatil do m\u00eas passado.<\/p>\n<div id=\"attachment_85664\" style=\"width: 608px\" class=\"wp-caption aligncenter\"><a href=\"http:\/\/senoticias.com.br\/se\/wp-content\/uploads\/2015\/11\/2.jpg\"><img decoding=\"async\" aria-describedby=\"caption-attachment-85664\" class=\" wp-image-85664 \" alt=\"Lixo fica acumulado nas cal\u00e7adas durante a paralisa\u00e7\u00e3o dos trabalhadores (Foto: Marina Fontenele\/G1) \" src=\"http:\/\/senoticias.com.br\/se\/wp-content\/uploads\/2015\/11\/2.jpg\" width=\"598\" \/><\/a><p id=\"caption-attachment-85664\" class=\"wp-caption-text\">Lixo fica acumulado nas cal\u00e7adas durante a paralisa\u00e7\u00e3o dos trabalhadores (Foto: Marina Fontenele\/G1)<\/p><\/div>\n<p style=\"text-align: justify;\">O presidente do sindicato, Rayvanderson Fernandes, informou que a empresa Torre Empreendimentos (terceirizada respons\u00e1vel pelo servi\u00e7o) n\u00e3o pagou os valores referentes ao ticket de alimenta\u00e7\u00e3o, cesta b\u00e1sica e vale-transporte.<\/p>\n<p style=\"text-align: justify;\">A Prefeitura de Aracaju disse que pagou a Torre pelos servi\u00e7os terceirizados. &#8220;N\u00e3o \u00e9 a primeira vez que a prefeitura, por meio da Empresa Municipal de Servi\u00e7os Urbanos (Emsurb), se depara com uma paralisa\u00e7\u00e3o porque a Torre apresenta problemas trabalhistas e tal situa\u00e7\u00e3o repercute na paralisa\u00e7\u00e3o de profissionais. A prefeitura tem honrado seus compromissos e torce para a resolu\u00e7\u00e3o mais r\u00e1pida deste ocorrido&#8221;, informou.<\/p>\n<p style=\"text-align: justify;\">Por nota oficial, a diretoria da Torre informou que est\u00e1 tentando resolver o problema o mais breve poss\u00edvel para que a coleta de lixo seja retomada. Na tarde de quarta-feira (4) representantes dos trabalhadores, da empresa e da Emsurb participaram de uma reuni\u00e3o onde foi informado que o vale-transporte j\u00e1 foi pago<\/p>\n<p style=\"text-align: justify;\">\u201cNegamos a possibilidade de demiss\u00e3o em massa. Concordamos em abonar o ponto dos trabalhadores que paralisaram suas atividades. Discutimos um a um os pontos que foram colocados pelo sindicato, que incluem o pagamento do vale-refei\u00e7\u00e3o. Ainda assim, estranhamente a categoria n\u00e3o aceitou o acordo que estava sendo constru\u00eddo com muita transpar\u00eancia e di\u00e1logo, comunicando que pretende realizar nesta quinta-feira (5) uma nova assembleia. Apelamos ao bom senso do sindicato, para que os servi\u00e7os sejam retomados e a popula\u00e7\u00e3o n\u00e3o seja ainda mais prejudicada\u201d, informou a nota.<\/p>\n<p style=\"text-align: justify;\"><em>Com informa\u00e7\u00f5es do G1, em Sergipe<\/em><\/p>\n<p style=\"text-align: justify;\"><strong>Acompanhe o SE Not\u00edcias no <a href=\"https:\/\/twitter.com\/Senoticias\" target=\"_blank\">Twitter <\/a>e no <a href=\"https:\/\/www.facebook.com\/PortalSENoticias\/\" target=\"_blank\">Facebook<\/a><\/strong><\/p>\n","protected":false},"excerpt":{"rendered":"<p>Os servi\u00e7os de coleta de lixo e de limpeza urbana continuam suspensos na manh\u00e3 desta quinta-feira (5) em Aracaju. Este \u00e9 o segundo dia de paralisa\u00e7\u00e3o da categoria que pede o pagamento dos benef\u00edcios referentes ao m\u00eas de novembro que, segundo o Sindicato dos Empregados de Limpeza P\u00fablica e Comercial do Estado de Sergipe (Sindilimp), [&hellip;]<\/p>\n","protected":false},"author":1,"featured_media":85664,"comment_status":"closed","ping_status":"closed","sticky":false,"template":"","format":"standard","meta":{"footnotes":""},"categories":[38],"tags":[],"class_list":{"0":"post-85663","1":"post","2":"type-post","3":"status-publish","4":"format-standard","5":"has-post-thumbnail","7":"category-municipios"},"_links":{"self":[{"href":"https:\/\/senoticias.com.br\/se\/wp-json\/wp\/v2\/posts\/85663"}],"collection":[{"href":"https:\/\/senoticias.com.br\/se\/wp-json\/wp\/v2\/posts"}],"about":[{"href":"https:\/\/senoticias.com.br\/se\/wp-json\/wp\/v2\/types\/post"}],"author":[{"embeddable":true,"href":"https:\/\/senoticias.com.br\/se\/wp-json\/wp\/v2\/users\/1"}],"replies":[{"embeddable":true,"href":"https:\/\/senoticias.com.br\/se\/wp-json\/wp\/v2\/comments?post=85663"}],"version-history":[{"count":0,"href":"https:\/\/senoticias.com.br\/se\/wp-json\/wp\/v2\/posts\/85663\/revisions"}],"wp:featuredmedia":[{"embeddable":true,"href":"https:\/\/senoticias.com.br\/se\/wp-json\/wp\/v2\/media\/85664"}],"wp:attachment":[{"href":"https:\/\/senoticias.com.br\/se\/wp-json\/wp\/v2\/media?parent=85663"}],"wp:term":[{"taxonomy":"category","embeddable":true,"href":"https:\/\/senoticias.com.br\/se\/wp-json\/wp\/v2\/categories?post=85663"},{"taxonomy":"post_tag","embeddable":true,"href":"https:\/\/senoticias.com.br\/se\/wp-json\/wp\/v2\/tags?post=85663"}],"curies":[{"name":"wp","href":"https:\/\/api.w.org\/{rel}","templated":true}]}}