{"id":85659,"date":"2015-11-05T14:10:35","date_gmt":"2015-11-05T17:10:35","guid":{"rendered":"http:\/\/senoticias.com.br\/se\/?p=85659"},"modified":"2015-11-05T16:26:51","modified_gmt":"2015-11-05T19:26:51","slug":"juiz-manoel-costa-neto-determina-afastamento-de-servidores-temporarios-em-sao-cristovao","status":"publish","type":"post","link":"https:\/\/senoticias.com.br\/se\/juiz-manoel-costa-neto-determina-afastamento-de-servidores-temporarios-em-sao-cristovao\/","title":{"rendered":"Juiz Manoel Costa Neto determina afastamento de servidores tempor\u00e1rios em S\u00e3o Crist\u00f3v\u00e3o"},"content":{"rendered":"<p>&nbsp;<\/p>\n<p style=\"text-align: justify;\">O juiz da Vara C\u00edvel da Comarca de S\u00e3o Crist\u00f3v\u00e3o (SE), Manoel da Costa Neto, determinou que o Munic\u00edpio de S\u00e3o Crist\u00f3v\u00e3o se abstenha de contratar servidores tempor\u00e1rios ou trabalhadores sem a realiza\u00e7\u00e3o de concurso p\u00fablico. O Munic\u00edpio ter\u00e1 ainda de afastar os servidores contratados irregularmente de 2013 a 2015.<\/p>\n<div id=\"attachment_24336\" style=\"width: 602px\" class=\"wp-caption aligncenter\"><a href=\"http:\/\/senoticias.com.br\/se\/wp-content\/uploads\/2012\/02\/Dr.-Manoel-Costa-Neto.jpg\"><img loading=\"lazy\" decoding=\"async\" aria-describedby=\"caption-attachment-24336\" class=\"size-full wp-image-24336\" alt=\"Juiz determina que Prefeitura de S\u00e3o Crist\u00f3v\u00e3o n\u00e3o fa\u00e7a contrata\u00e7\u00e3o sem concurso p\u00fablico..   (Foto: Arquivo SE Not\u00edcias)\" src=\"http:\/\/senoticias.com.br\/se\/wp-content\/uploads\/2012\/02\/Dr.-Manoel-Costa-Neto.jpg\" width=\"592\" height=\"443\" srcset=\"https:\/\/senoticias.com.br\/se\/wp-content\/uploads\/2012\/02\/Dr.-Manoel-Costa-Neto.jpg 592w, https:\/\/senoticias.com.br\/se\/wp-content\/uploads\/2012\/02\/Dr.-Manoel-Costa-Neto-300x224.jpg 300w, https:\/\/senoticias.com.br\/se\/wp-content\/uploads\/2012\/02\/Dr.-Manoel-Costa-Neto-342x255.jpg 342w, https:\/\/senoticias.com.br\/se\/wp-content\/uploads\/2012\/02\/Dr.-Manoel-Costa-Neto-60x45.jpg 60w, https:\/\/senoticias.com.br\/se\/wp-content\/uploads\/2012\/02\/Dr.-Manoel-Costa-Neto-150x113.jpg 150w, https:\/\/senoticias.com.br\/se\/wp-content\/uploads\/2012\/02\/Dr.-Manoel-Costa-Neto-269x201.jpg 269w\" sizes=\"(max-width: 592px) 100vw, 592px\" \/><\/a><p id=\"caption-attachment-24336\" class=\"wp-caption-text\">Juiz determina que Prefeitura de S\u00e3o Crist\u00f3v\u00e3o n\u00e3o fa\u00e7a contrata\u00e7\u00e3o sem concurso p\u00fablico.. (Foto: Arquivo SE Not\u00edcias)<\/p><\/div>\n<p style=\"text-align: justify;\">A decis\u00e3o atende \u00e0 a\u00e7\u00e3o civil p\u00fablica proposta pelo Minist\u00e9rio P\u00fablico de Sergipe e estabelece que o munic\u00edpio deixe de realizar as contrata\u00e7\u00f5es e demita os contratados, sob multa no valor de <strong>R$ 50.000,00 (cinquenta mil reais)<\/strong>, sem que a medida determinada seja efetivamente implementada, a multa di\u00e1ria, <strong>de R$ 1.000,00 (hum mil reais)<\/strong>, passar\u00e1 a ser tamb\u00e9m de responsabilidade pessoal e solid\u00e1ria do Chefe do Executivo Municipal, que tamb\u00e9m estar\u00e1 sujeito \u00e0 responsabiliza\u00e7\u00e3o criminal e administrativa, no caso de eventual recalcitr\u00e2ncia.<\/p>\n<p style=\"text-align: justify;\">Rescindir, imediatamente, ap\u00f3s a entrada \u00a0em exerc\u00edcio dos Advogados (exceto o procurador jur\u00eddico Geral), e abster-se de realizar contrata\u00e7\u00e3o tempor\u00e1ria e\/ou provimento de cargo similar, atendidos os itens anteriores, sob pena de multa di\u00e1ria de R$ 1.000,00 (um mil reais), at\u00e9 at\u00e9 o limite de <strong>R$ 100.000,00 (cem mil reais)<\/strong>, em caso de descumprimento da decis\u00e3o<\/p>\n<div id=\"innerLeft\">\n<p><strong>Acompanhe o SE Not\u00edcias no\u00a0<a href=\"https:\/\/twitter.com\/Senoticias\" target=\"_blank\">Twitter\u00a0<\/a>e no\u00a0<a href=\"https:\/\/www.facebook.com\/PortalSENoticias\/\" target=\"_blank\">Facebook<\/a><\/strong><\/p>\n<p><em><strong>Confira:<\/strong><\/em><\/p>\n<\/div>\n<p style=\"text-align: justify;\"><a href=\"http:\/\/senoticias.com.br\/se\/wp-content\/uploads\/2015\/11\/neto10-e1446750836697.jpg\"><img loading=\"lazy\" decoding=\"async\" class=\"aligncenter size-full wp-image-85674\" alt=\"neto10\" src=\"http:\/\/senoticias.com.br\/se\/wp-content\/uploads\/2015\/11\/neto10-e1446750836697.jpg\" width=\"590\" height=\"973\" \/><\/a><\/p>\n<p style=\"text-align: justify;\"><a href=\"http:\/\/senoticias.com.br\/se\/wp-content\/uploads\/2015\/11\/Neto11-e1446751302889.jpg\"><img loading=\"lazy\" decoding=\"async\" class=\"aligncenter size-full wp-image-85678\" alt=\"Neto11\" src=\"http:\/\/senoticias.com.br\/se\/wp-content\/uploads\/2015\/11\/Neto11-e1446751302889.jpg\" width=\"590\" height=\"828\" \/><\/a><\/p>\n","protected":false},"excerpt":{"rendered":"<p>&nbsp; O juiz da Vara C\u00edvel da Comarca de S\u00e3o Crist\u00f3v\u00e3o (SE), Manoel da Costa Neto, determinou que o Munic\u00edpio de S\u00e3o Crist\u00f3v\u00e3o se abstenha de contratar servidores tempor\u00e1rios ou trabalhadores sem a realiza\u00e7\u00e3o de concurso p\u00fablico. O Munic\u00edpio ter\u00e1 ainda de afastar os servidores contratados irregularmente de 2013 a 2015. A decis\u00e3o atende \u00e0 [&hellip;]<\/p>\n","protected":false},"author":2,"featured_media":24336,"comment_status":"closed","ping_status":"closed","sticky":false,"template":"","format":"standard","meta":{"footnotes":""},"categories":[6],"tags":[],"class_list":{"0":"post-85659","1":"post","2":"type-post","3":"status-publish","4":"format-standard","5":"has-post-thumbnail","7":"category-politica"},"_links":{"self":[{"href":"https:\/\/senoticias.com.br\/se\/wp-json\/wp\/v2\/posts\/85659"}],"collection":[{"href":"https:\/\/senoticias.com.br\/se\/wp-json\/wp\/v2\/posts"}],"about":[{"href":"https:\/\/senoticias.com.br\/se\/wp-json\/wp\/v2\/types\/post"}],"author":[{"embeddable":true,"href":"https:\/\/senoticias.com.br\/se\/wp-json\/wp\/v2\/users\/2"}],"replies":[{"embeddable":true,"href":"https:\/\/senoticias.com.br\/se\/wp-json\/wp\/v2\/comments?post=85659"}],"version-history":[{"count":0,"href":"https:\/\/senoticias.com.br\/se\/wp-json\/wp\/v2\/posts\/85659\/revisions"}],"wp:featuredmedia":[{"embeddable":true,"href":"https:\/\/senoticias.com.br\/se\/wp-json\/wp\/v2\/media\/24336"}],"wp:attachment":[{"href":"https:\/\/senoticias.com.br\/se\/wp-json\/wp\/v2\/media?parent=85659"}],"wp:term":[{"taxonomy":"category","embeddable":true,"href":"https:\/\/senoticias.com.br\/se\/wp-json\/wp\/v2\/categories?post=85659"},{"taxonomy":"post_tag","embeddable":true,"href":"https:\/\/senoticias.com.br\/se\/wp-json\/wp\/v2\/tags?post=85659"}],"curies":[{"name":"wp","href":"https:\/\/api.w.org\/{rel}","templated":true}]}}