{"id":85653,"date":"2015-11-05T11:34:18","date_gmt":"2015-11-05T14:34:18","guid":{"rendered":"http:\/\/senoticias.com.br\/se\/?p=85653"},"modified":"2015-11-06T18:01:17","modified_gmt":"2015-11-06T21:01:17","slug":"audiencia-publica-ira-debater-carreira-unica-nas-policias","status":"publish","type":"post","link":"https:\/\/senoticias.com.br\/se\/audiencia-publica-ira-debater-carreira-unica-nas-policias\/","title":{"rendered":"Audi\u00eancia p\u00fablica ir\u00e1 debater carreira \u00fanica nas pol\u00edcias"},"content":{"rendered":"<div id=\"attachment_85655\" style=\"width: 310px\" class=\"wp-caption alignright\"><a href=\"http:\/\/senoticias.com.br\/se\/wp-content\/uploads\/2015\/11\/Georgeo-300x200.jpg\"><img loading=\"lazy\" decoding=\"async\" aria-describedby=\"caption-attachment-85655\" class=\"size-full wp-image-85655\" alt=\"Deputado Georgeo Passos. Foto: C\u00e9sar de Oliveira, da Ag\u00eancia Alese.\" src=\"http:\/\/senoticias.com.br\/se\/wp-content\/uploads\/2015\/11\/Georgeo-300x200.jpg\" width=\"300\" height=\"200\" \/><\/a><p id=\"caption-attachment-85655\" class=\"wp-caption-text\">Deputado Georgeo Passos. Foto: C\u00e9sar de Oliveira, da Ag\u00eancia Alese.<\/p><\/div>\n<p style=\"text-align: justify;\"><i>Abordando \u201cUm Novo Paradigma para a Seguran\u00e7a P\u00fablica\u201d, evento na Alese pretende discutir unifica\u00e7\u00e3o nas carreiras dos policiais. \u201cEste debate \u00e9 uma forma de contribuir no melhoramento da seguran\u00e7a p\u00fablica em Sergipe\u201d, assegura Georgeo Passos<\/i><\/p>\n<p style=\"text-align: justify;\">Na manh\u00e3 desta sexta-feira, 06, a Assembleia Legislativa, atrav\u00e9s da Comiss\u00e3o de Legisla\u00e7\u00e3o Participativa, ir\u00e1 receber um importante debate sobre a unifica\u00e7\u00e3o na carreira das pol\u00edcias sergipanas. Essa \u00e9 a proposta da Audi\u00eancia P\u00fablica \u201cCarreira \u00danica nas Pol\u00edcias \u2013 Um Novo Paradigma para a Seguran\u00e7a P\u00fablica\u201d.<\/p>\n<p style=\"text-align: justify;\">A audi\u00eancia, que acontecer\u00e1 das 8h \u00e0s 12h, no plen\u00e1rio da Alese, ser\u00e1 aberta \u00e0 popula\u00e7\u00e3o e contar\u00e1 com a palestra do doutor Marcos Santana de Souza, professor da UFS e da Rede Nacional de Altos Estudos em Seguran\u00e7a P\u00fablica. A expectativa \u00e9 que representantes de v\u00e1rios segmentos das pol\u00edcias sergipanas participem da discuss\u00e3o como forma de melhorar a carreira.<\/p>\n<p style=\"text-align: justify;\">\u00a0<strong>PARADIGMA<\/strong><\/p>\n<p style=\"text-align: justify;\">\u201cAtualmente, existem duas formas de acesso para a carreira policial militar: ou entra como soldado ou entra como aspirante oficial. Com isso, formam-se dois quadros. Achamos interessante o tema da carreira \u00fanica, ou seja, a pessoa fazer um concurso para soldado e chegar at\u00e9 mesmo ao posto de coronel. Queremos quebrar paradigmas e dar oportunidades\u201d, explica o deputado estadual Georgeo Passos, PTC, presidente da comiss\u00e3o que est\u00e1 organizando a audi\u00eancia.<\/p>\n<p style=\"text-align: justify;\">O parlamentar entende que esta \u00e9 uma maneira de contribuir com melhorias na seguran\u00e7a p\u00fablica do Estado uma vez que a Assembleia n\u00e3o pode legislar sobre o tema \u2013 cabendo ao Governo realizar a unifica\u00e7\u00e3o.<\/p>\n<p style=\"text-align: justify;\">\u201cVamos fazer o debate, principalmente hoje, quando a popula\u00e7\u00e3o sofre com a falta de seguran\u00e7a e a\u00ed debater com os atores \u2013 tanto os que s\u00e3o a favor como os que s\u00e3o contra \u2013 para que n\u00f3s possamos formatar uma ideia e sugerir para que o Governo analise essa possibilidade. Pretendemos fazer, depois da conclus\u00e3o, uma indica\u00e7\u00e3o para o Executivo\u201d, promete Georgeo. O deputado lembra ainda a relev\u00e2ncia de ouvir todos os lados para a constru\u00e7\u00e3o de um entendimento e, por isso, faz uma convoca\u00e7\u00e3o para a audi\u00eancia.<\/p>\n<p style=\"text-align: justify;\">\u201cConvidamos todos os envolvidos na \u00e1rea de seguran\u00e7a p\u00fablica do Estado. Mandamos convite para o Comando da Pol\u00edcia Militar, Pol\u00edcia Civil, associa\u00e7\u00f5es de militares, sindicatos dos policiais civis e esperamos que eles venham debater. Qualquer pessoa pode participar e, se escrevendo, tamb\u00e9m ter\u00e1 o direito de falar. Achamos importante ouvir a todos e esperamos contar com uma grande participa\u00e7\u00e3o\u201d, afirma.<\/p>\n<p style=\"text-align: justify;\"><strong>Acompanhe o SE Not\u00edcias no\u00a0<a href=\"https:\/\/twitter.com\/Senoticias\" target=\"_blank\">Twitter\u00a0<\/a>e no\u00a0<a href=\"https:\/\/www.facebook.com\/PortalSENoticias\/\" target=\"_blank\">Facebook<\/a><\/strong><\/p>\n<p style=\"text-align: justify;\"><b>O QUE:<\/b>\u00a0 Audi\u00eancia P\u00fablica \u201cCarreira \u00danica nas Pol\u00edcias \u2013 Um Novo Paradigma para a Seguran\u00e7a P\u00fablica\u201d<\/p>\n<p style=\"text-align: justify;\"><b>QUANDO:\u00a0<\/b>Sexta-feira, 06 de novembro, das 8h \u00e0s 12h<\/p>\n<p style=\"text-align: justify;\"><b>ONDE:<\/b>\u00a0No plen\u00e1rio da Assembleia Legislativa do Estado de Sergipe<\/p>\n","protected":false},"excerpt":{"rendered":"<p>Abordando \u201cUm Novo Paradigma para a Seguran\u00e7a P\u00fablica\u201d, evento na Alese pretende discutir unifica\u00e7\u00e3o nas carreiras dos policiais. \u201cEste debate \u00e9 uma forma de contribuir no melhoramento da seguran\u00e7a p\u00fablica em Sergipe\u201d, assegura Georgeo Passos Na manh\u00e3 desta sexta-feira, 06, a Assembleia Legislativa, atrav\u00e9s da Comiss\u00e3o de Legisla\u00e7\u00e3o Participativa, ir\u00e1 receber um importante debate sobre [&hellip;]<\/p>\n","protected":false},"author":1,"featured_media":85655,"comment_status":"closed","ping_status":"closed","sticky":false,"template":"","format":"standard","meta":{"footnotes":""},"categories":[6],"tags":[],"class_list":{"0":"post-85653","1":"post","2":"type-post","3":"status-publish","4":"format-standard","5":"has-post-thumbnail","7":"category-politica"},"_links":{"self":[{"href":"https:\/\/senoticias.com.br\/se\/wp-json\/wp\/v2\/posts\/85653"}],"collection":[{"href":"https:\/\/senoticias.com.br\/se\/wp-json\/wp\/v2\/posts"}],"about":[{"href":"https:\/\/senoticias.com.br\/se\/wp-json\/wp\/v2\/types\/post"}],"author":[{"embeddable":true,"href":"https:\/\/senoticias.com.br\/se\/wp-json\/wp\/v2\/users\/1"}],"replies":[{"embeddable":true,"href":"https:\/\/senoticias.com.br\/se\/wp-json\/wp\/v2\/comments?post=85653"}],"version-history":[{"count":0,"href":"https:\/\/senoticias.com.br\/se\/wp-json\/wp\/v2\/posts\/85653\/revisions"}],"wp:featuredmedia":[{"embeddable":true,"href":"https:\/\/senoticias.com.br\/se\/wp-json\/wp\/v2\/media\/85655"}],"wp:attachment":[{"href":"https:\/\/senoticias.com.br\/se\/wp-json\/wp\/v2\/media?parent=85653"}],"wp:term":[{"taxonomy":"category","embeddable":true,"href":"https:\/\/senoticias.com.br\/se\/wp-json\/wp\/v2\/categories?post=85653"},{"taxonomy":"post_tag","embeddable":true,"href":"https:\/\/senoticias.com.br\/se\/wp-json\/wp\/v2\/tags?post=85653"}],"curies":[{"name":"wp","href":"https:\/\/api.w.org\/{rel}","templated":true}]}}