{"id":85648,"date":"2015-11-05T07:39:23","date_gmt":"2015-11-05T10:39:23","guid":{"rendered":"http:\/\/senoticias.com.br\/se\/?p=85648"},"modified":"2015-11-06T17:02:31","modified_gmt":"2015-11-06T20:02:31","slug":"itabaiana-registra-o-4o-homicidio-na-semana","status":"publish","type":"post","link":"https:\/\/senoticias.com.br\/se\/itabaiana-registra-o-4o-homicidio-na-semana\/","title":{"rendered":"Pol\u00edcia registra mais um homic\u00eddio em Itabaiana"},"content":{"rendered":"<p style=\"text-align: justify;\">O munic\u00edpio Itabaiana, no agreste do estado, registra o quarto homic\u00eddio por disparo de arma de fogo desde o \u00faltimo domingo (1\u00ba) e estoura a viol\u00eancia na cidade.<\/p>\n<div id=\"attachment_85649\" style=\"width: 608px\" class=\"wp-caption aligncenter\"><a href=\"http:\/\/senoticias.com.br\/se\/wp-content\/uploads\/2015\/11\/itabaiana1-e1446719801629.jpg\"><img loading=\"lazy\" decoding=\"async\" aria-describedby=\"caption-attachment-85649\" class=\"size-full wp-image-85649\" alt=\"Jovem \u00e9 assassinado enquanto jogava futsal. (Foto: Itnet)\" src=\"http:\/\/senoticias.com.br\/se\/wp-content\/uploads\/2015\/11\/itabaiana1-e1446719801629.jpg\" width=\"598\" height=\"449\" \/><\/a><p id=\"caption-attachment-85649\" class=\"wp-caption-text\">Jovem foi assassinado enquanto jogava futsal. (Foto: Itnet)<\/p><\/div>\n<p style=\"text-align: justify;\">A quarta v\u00edtima foi o jovem\u00a0Willias dos Santos Moura, conhecido por Bacuri, morto a tiros enquanto jogava futsal na Rua Ant\u00f4nio Diniz Santana, pr\u00f3ximo \u00e0 Pra\u00e7a General Jo\u00e3o Pereira por volta das 20h10min desta quarta-feira (04).<\/p>\n<p style=\"text-align: justify;\">De acordo com relatos, no momento da a\u00e7\u00e3o criminosa, amigos que jogavam na mesma quadra ainda tentaram correr, mas o autor dos disparos avisou que n\u00e3o se preocupassem, em seguida sacou a arma e efetuou os disparos contra a v\u00edtima.<\/p>\n<p style=\"text-align: justify;\">\u00a0Willias dos Santos residia no conjunto Maria do Carmo, no Bairro S\u00e3o Crist\u00f3v\u00e3o, em Itabaiana (SE), e era irm\u00e3o de uma adolescente que teve a vida ceifada em uma chacina registrada em agosto de 2011 no conjunto Maria Coriza Bispo.<\/p>\n<p style=\"text-align: justify;\"><strong>Acompanhe o SE Not\u00edcias no\u00a0<a href=\"https:\/\/twitter.com\/Senoticias\" target=\"_blank\">Twitter\u00a0<\/a>e no\u00a0<a href=\"https:\/\/www.facebook.com\/PortalSENoticias\/\" target=\"_blank\">Facebook<\/a><\/strong><\/p>\n","protected":false},"excerpt":{"rendered":"<p>O munic\u00edpio Itabaiana, no agreste do estado, registra o quarto homic\u00eddio por disparo de arma de fogo desde o \u00faltimo domingo (1\u00ba) e estoura a viol\u00eancia na cidade. A quarta v\u00edtima foi o jovem\u00a0Willias dos Santos Moura, conhecido por Bacuri, morto a tiros enquanto jogava futsal na Rua Ant\u00f4nio Diniz Santana, pr\u00f3ximo \u00e0 Pra\u00e7a General [&hellip;]<\/p>\n","protected":false},"author":1,"featured_media":85649,"comment_status":"closed","ping_status":"closed","sticky":false,"template":"","format":"standard","meta":{"footnotes":""},"categories":[7],"tags":[],"class_list":{"0":"post-85648","1":"post","2":"type-post","3":"status-publish","4":"format-standard","5":"has-post-thumbnail","7":"category-policia"},"_links":{"self":[{"href":"https:\/\/senoticias.com.br\/se\/wp-json\/wp\/v2\/posts\/85648"}],"collection":[{"href":"https:\/\/senoticias.com.br\/se\/wp-json\/wp\/v2\/posts"}],"about":[{"href":"https:\/\/senoticias.com.br\/se\/wp-json\/wp\/v2\/types\/post"}],"author":[{"embeddable":true,"href":"https:\/\/senoticias.com.br\/se\/wp-json\/wp\/v2\/users\/1"}],"replies":[{"embeddable":true,"href":"https:\/\/senoticias.com.br\/se\/wp-json\/wp\/v2\/comments?post=85648"}],"version-history":[{"count":0,"href":"https:\/\/senoticias.com.br\/se\/wp-json\/wp\/v2\/posts\/85648\/revisions"}],"wp:featuredmedia":[{"embeddable":true,"href":"https:\/\/senoticias.com.br\/se\/wp-json\/wp\/v2\/media\/85649"}],"wp:attachment":[{"href":"https:\/\/senoticias.com.br\/se\/wp-json\/wp\/v2\/media?parent=85648"}],"wp:term":[{"taxonomy":"category","embeddable":true,"href":"https:\/\/senoticias.com.br\/se\/wp-json\/wp\/v2\/categories?post=85648"},{"taxonomy":"post_tag","embeddable":true,"href":"https:\/\/senoticias.com.br\/se\/wp-json\/wp\/v2\/tags?post=85648"}],"curies":[{"name":"wp","href":"https:\/\/api.w.org\/{rel}","templated":true}]}}