{"id":85647,"date":"2015-11-05T14:30:24","date_gmt":"2015-11-05T17:30:24","guid":{"rendered":"http:\/\/senoticias.com.br\/se\/?p=85647"},"modified":"2015-11-07T15:02:56","modified_gmt":"2015-11-07T18:02:56","slug":"prefeitos-discutem-crise-economica-em-reuniao-no-tce-de-sergipe","status":"publish","type":"post","link":"https:\/\/senoticias.com.br\/se\/prefeitos-discutem-crise-economica-em-reuniao-no-tce-de-sergipe\/","title":{"rendered":"Prefeitos discutem crise econ\u00f4mica em reuni\u00e3o no TCE de Sergipe"},"content":{"rendered":"<div id=\"attachment_85661\" style=\"width: 310px\" class=\"wp-caption alignright\"><a href=\"http:\/\/senoticias.com.br\/se\/wp-content\/uploads\/2015\/11\/5112015114322.jpg\"><img loading=\"lazy\" decoding=\"async\" aria-describedby=\"caption-attachment-85661\" class=\"size-medium wp-image-85661\" alt=\"5112015114322\" src=\"http:\/\/senoticias.com.br\/se\/wp-content\/uploads\/2015\/11\/5112015114322-300x200.jpg\" width=\"300\" height=\"200\" srcset=\"https:\/\/senoticias.com.br\/se\/wp-content\/uploads\/2015\/11\/5112015114322-300x200.jpg 300w, https:\/\/senoticias.com.br\/se\/wp-content\/uploads\/2015\/11\/5112015114322-342x228.jpg 342w, https:\/\/senoticias.com.br\/se\/wp-content\/uploads\/2015\/11\/5112015114322.jpg 640w\" sizes=\"(max-width: 300px) 100vw, 300px\" \/><\/a><p id=\"caption-attachment-85661\" class=\"wp-caption-text\">Foto: Kleber Santos\/TCE<\/p><\/div>\n<p style=\"text-align: justify;\">Presidentes das associa\u00e7\u00f5es dos munic\u00edpios da Barra do Contiguiba e Vale do Japaratuba (Ambarco) e da Regi\u00e3o Centro Sul de Sergipe (Amurces), os prefeitos de Japaratuba, H\u00e9lio Sobral, e de Pedrinhas, Jos\u00e9 Alves, estiveram no gabinete do conselheiro Carlos Pinna, presidente do Tribunal de Contas do Estado (TCE\/SE), na manh\u00e3 dessa quarta-feira(04).<\/p>\n<p style=\"text-align: justify;\">Na visita, acompanhada tamb\u00e9m pelo prefeito de Japoat\u00e3, Gimarcos Evangelista, os representantes das entidades externaram sua preocupa\u00e7\u00e3o diante das dificuldades financeiras vivenciadas pelos munic\u00edpios, sobretudo com a constante redu\u00e7\u00e3o dos recursos provenientes do Fundo de Participa\u00e7\u00e3o dos Munic\u00edpios (FPM).<\/p>\n<p style=\"text-align: justify;\">Os gestores informaram que t\u00eam visitado os \u00f3rg\u00e3os de controle em busca de alternativas para amenizar a situa\u00e7\u00e3o. &#8220;N\u00e3o estamos conseguindo nem pagar a folha dos funcion\u00e1rios. O FPM de setembro de 2014 foi 38% maior que o deste ano. Ou seja, os sal\u00e1rios e despesas aumentaram, mas a arrecada\u00e7\u00e3o caiu. Estamos dividindo essa preocupa\u00e7\u00e3o&#8221;, disse o prefeito H\u00e9lio Sobral.<\/p>\n<p style=\"text-align: justify;\">Com o mesmo prop\u00f3sito, ainda esta semana os presidentes das entidades municipalistas j\u00e1 visitaram o deputado Luciano Bispo, presidente da Assembleia Legislativa. O pr\u00f3ximo \u00f3rg\u00e3o a ser visitado ser\u00e1 o Tribunal de Justi\u00e7a.<\/p>\n<p style=\"text-align: justify;\">&#8220;O conselheiro Carlos Pinna nos orientou para que fiquemos atentos ao cumprimento da Lei de Responsabilidade Fiscal e assim evitarmos poss\u00edveis penalidades&#8221;, acrescentou o presidente da Ambarco.<\/p>\n<p style=\"text-align: justify;\"><em>Fonte: TCE\/SE<\/em><\/p>\n<p style=\"text-align: justify;\"><strong>Acompanhe o SE Not\u00edcias no <a href=\"https:\/\/twitter.com\/Senoticias\" target=\"_blank\">Twitter <\/a>e no <a href=\"https:\/\/www.facebook.com\/PortalSENoticias\/\" target=\"_blank\">Facebook<\/a><\/strong><\/p>\n","protected":false},"excerpt":{"rendered":"<p>Presidentes das associa\u00e7\u00f5es dos munic\u00edpios da Barra do Contiguiba e Vale do Japaratuba (Ambarco) e da Regi\u00e3o Centro Sul de Sergipe (Amurces), os prefeitos de Japaratuba, H\u00e9lio Sobral, e de Pedrinhas, Jos\u00e9 Alves, estiveram no gabinete do conselheiro Carlos Pinna, presidente do Tribunal de Contas do Estado (TCE\/SE), na manh\u00e3 dessa quarta-feira(04). Na visita, acompanhada [&hellip;]<\/p>\n","protected":false},"author":1,"featured_media":85661,"comment_status":"closed","ping_status":"closed","sticky":false,"template":"","format":"standard","meta":{"footnotes":""},"categories":[6],"tags":[],"class_list":{"0":"post-85647","1":"post","2":"type-post","3":"status-publish","4":"format-standard","5":"has-post-thumbnail","7":"category-politica"},"_links":{"self":[{"href":"https:\/\/senoticias.com.br\/se\/wp-json\/wp\/v2\/posts\/85647"}],"collection":[{"href":"https:\/\/senoticias.com.br\/se\/wp-json\/wp\/v2\/posts"}],"about":[{"href":"https:\/\/senoticias.com.br\/se\/wp-json\/wp\/v2\/types\/post"}],"author":[{"embeddable":true,"href":"https:\/\/senoticias.com.br\/se\/wp-json\/wp\/v2\/users\/1"}],"replies":[{"embeddable":true,"href":"https:\/\/senoticias.com.br\/se\/wp-json\/wp\/v2\/comments?post=85647"}],"version-history":[{"count":0,"href":"https:\/\/senoticias.com.br\/se\/wp-json\/wp\/v2\/posts\/85647\/revisions"}],"wp:featuredmedia":[{"embeddable":true,"href":"https:\/\/senoticias.com.br\/se\/wp-json\/wp\/v2\/media\/85661"}],"wp:attachment":[{"href":"https:\/\/senoticias.com.br\/se\/wp-json\/wp\/v2\/media?parent=85647"}],"wp:term":[{"taxonomy":"category","embeddable":true,"href":"https:\/\/senoticias.com.br\/se\/wp-json\/wp\/v2\/categories?post=85647"},{"taxonomy":"post_tag","embeddable":true,"href":"https:\/\/senoticias.com.br\/se\/wp-json\/wp\/v2\/tags?post=85647"}],"curies":[{"name":"wp","href":"https:\/\/api.w.org\/{rel}","templated":true}]}}