{"id":85635,"date":"2015-11-04T22:47:01","date_gmt":"2015-11-05T01:47:01","guid":{"rendered":"http:\/\/senoticias.com.br\/se\/?p=85635"},"modified":"2015-11-04T22:47:01","modified_gmt":"2015-11-05T01:47:01","slug":"cesta-basica-aracaju-e-a-3a-com-maior-aumento-no-valor","status":"publish","type":"post","link":"https:\/\/senoticias.com.br\/se\/cesta-basica-aracaju-e-a-3a-com-maior-aumento-no-valor\/","title":{"rendered":"Cesta b\u00e1sica: Aracaju \u00e9 a 3\u00aa com maior aumento no valor"},"content":{"rendered":"<div id=\"attachment_69584\" style=\"width: 310px\" class=\"wp-caption alignright\"><a href=\"http:\/\/senoticias.com.br\/se\/wp-content\/uploads\/2014\/09\/cesta-bc3a1sica.jpg\"><img loading=\"lazy\" decoding=\"async\" aria-describedby=\"caption-attachment-69584\" class=\"size-medium wp-image-69584\" alt=\"Foto: Reprodu\u00e7\u00e3o \" src=\"http:\/\/senoticias.com.br\/se\/wp-content\/uploads\/2014\/09\/cesta-bc3a1sica-300x171.jpg\" width=\"300\" height=\"171\" srcset=\"https:\/\/senoticias.com.br\/se\/wp-content\/uploads\/2014\/09\/cesta-bc3a1sica-300x171.jpg 300w, https:\/\/senoticias.com.br\/se\/wp-content\/uploads\/2014\/09\/cesta-bc3a1sica-342x195.jpg 342w, https:\/\/senoticias.com.br\/se\/wp-content\/uploads\/2014\/09\/cesta-bc3a1sica.jpg 800w\" sizes=\"(max-width: 300px) 100vw, 300px\" \/><\/a><p id=\"caption-attachment-69584\" class=\"wp-caption-text\">Foto: Reprodu\u00e7\u00e3o<\/p><\/div>\n<p style=\"text-align: justify;\">Aracaju foi a terceira capital que mais registrou aumento no valor da cesta b\u00e1sica em outubro, segundo estudo do Departamento Intersindical de Estat\u00edstica e Estudos Socioecon\u00f4micos (Dieese) em 18 capitais. Com um aumento de 0,93% no conjunto de bens aliment\u00edcios b\u00e1sicos, a capital sergipana ficou atr\u00e1s de Bras\u00edlia (2,10%), Natal (0,97%).<\/p>\n<p style=\"text-align: justify;\">Ao analisar os custos da cesta b\u00e1sica, o Dieese constatou que Aracaju \u00e9 a capital que apresentou o menor valor m\u00e9dio (R$ 282,87). Em seguida, aparecem Natal (R$ 285,47) e Recife (R$ 297,78).<\/p>\n<p style=\"text-align: justify;\"><strong>Varia\u00e7\u00f5es<\/strong><\/p>\n<p style=\"text-align: justify;\">Em 12 meses, entre novembro de 2014 e outubro de 2015, as 18 cidades acumularam alta no pre\u00e7o da cesta. Aracaju foi a capital com maior varia\u00e7\u00e3o de alta (21,50%) e Recife foi a menor (6,02%).<\/p>\n<p style=\"text-align: justify;\">Tamb\u00e9m nos 10 primeiros meses de 2015, todas as cidades apresentaram aumento. Destacam-se as eleva\u00e7\u00f5es registradas em Aracaju (15,13%), Salvador (11,21%) e Curitiba (10,79%). As menores varia\u00e7\u00f5es aconteceram em Goi\u00e2nia (3,16%) e Recife (3,98%).<\/p>\n<p style=\"text-align: justify;\">Comportamento dos pre\u00e7os<\/p>\n<p style=\"text-align: justify;\"><strong>&#8211; Arroz<\/strong><\/p>\n<p style=\"text-align: justify;\">Em outubro, o arroz teve seu valor elevado em 17 cidades, com altas que oscilaram entre 0,42%, em Manaus e 8,07%, em Aracaju. J\u00e1 em 12 meses, 16 cidades mostraram aumento, com destaque para Aracaju (26,13%) e Salvador (21,76%). A chuva tem dificultado a retirada de lotes de arroz das propriedades, al\u00e9m disso, os produtores seguraram o gr\u00e3o, com objetivo de manter o pre\u00e7o em alta.<\/p>\n<p style=\"text-align: justify;\"><strong>&#8211; Caf\u00e9<\/strong><\/p>\n<p style=\"text-align: justify;\">Em outubro, houve estabilidade nos pre\u00e7os em Aracaju. Em 12 meses, o caf\u00e9 acumulou alta em todas as capitais e as maiores eleva\u00e7\u00f5es foram anotadas em Aracaju (19,66%), Salvador (15,63%) e Belo Horizonte (14,34%). O aumento pode ser explicado pela quebra da safra 2015\/16, aumento das exporta\u00e7\u00f5es e expectativas negativas em rela\u00e7\u00e3o \u00e0 pr\u00f3xima safra, devido ao calor intenso em setembro.<\/p>\n<p style=\"text-align: justify;\"><strong>&#8211; P\u00e3o Franc\u00eas<\/strong><\/p>\n<p style=\"text-align: justify;\">O p\u00e3o franc\u00eas seguiu com aumento em 13 cidades, em outubro. Em 12 meses, todas as cidades apresentaram eleva\u00e7\u00e3o, com taxas entre 1,14%, em Goi\u00e2nia, e 31,87%, em Aracaju. A desvaloriza\u00e7\u00e3o do real frente ao d\u00f3lar vem encarecendo o trigo. Houve tamb\u00e9m baixa oferta do cereal de boa qualidade e chuvas que atrapalharam a colheita no Sul. Todos estes fatores elevaram o pre\u00e7o do trigo e, consequentemente, o custo do p\u00e3o franc\u00eas.<\/p>\n<p style=\"text-align: justify;\"><strong>&#8211; Carne bovina<\/strong><\/p>\n<p style=\"text-align: justify;\">Em 12 meses, o valor aumentou em todas as cidades e as taxas variaram entre 11,04%, em Jo\u00e3o Pessoa, e 30,85%, em Aracaju. A entressafra na produ\u00e7\u00e3o de carne e o alto volume de exporta\u00e7\u00e3o reduziram a oferta e aumentaram a cota\u00e7\u00e3o no varejo.<\/p>\n<p style=\"text-align: justify;\"><em>Com informa\u00e7\u00f5es do Dieese<\/em><\/p>\n<p style=\"text-align: justify;\"><strong>Acompanhe o SE Not\u00edcias no <a href=\"https:\/\/twitter.com\/Senoticias\" target=\"_blank\">Twitter <\/a>e no <a href=\"https:\/\/www.facebook.com\/PortalSENoticias\/\" target=\"_blank\">Facebook<\/a><\/strong><\/p>\n","protected":false},"excerpt":{"rendered":"<p>Aracaju foi a terceira capital que mais registrou aumento no valor da cesta b\u00e1sica em outubro, segundo estudo do Departamento Intersindical de Estat\u00edstica e Estudos Socioecon\u00f4micos (Dieese) em 18 capitais. Com um aumento de 0,93% no conjunto de bens aliment\u00edcios b\u00e1sicos, a capital sergipana ficou atr\u00e1s de Bras\u00edlia (2,10%), Natal (0,97%). Ao analisar os custos [&hellip;]<\/p>\n","protected":false},"author":1,"featured_media":69584,"comment_status":"closed","ping_status":"closed","sticky":false,"template":"","format":"standard","meta":{"footnotes":""},"categories":[6],"tags":[],"class_list":{"0":"post-85635","1":"post","2":"type-post","3":"status-publish","4":"format-standard","5":"has-post-thumbnail","7":"category-politica"},"_links":{"self":[{"href":"https:\/\/senoticias.com.br\/se\/wp-json\/wp\/v2\/posts\/85635"}],"collection":[{"href":"https:\/\/senoticias.com.br\/se\/wp-json\/wp\/v2\/posts"}],"about":[{"href":"https:\/\/senoticias.com.br\/se\/wp-json\/wp\/v2\/types\/post"}],"author":[{"embeddable":true,"href":"https:\/\/senoticias.com.br\/se\/wp-json\/wp\/v2\/users\/1"}],"replies":[{"embeddable":true,"href":"https:\/\/senoticias.com.br\/se\/wp-json\/wp\/v2\/comments?post=85635"}],"version-history":[{"count":0,"href":"https:\/\/senoticias.com.br\/se\/wp-json\/wp\/v2\/posts\/85635\/revisions"}],"wp:featuredmedia":[{"embeddable":true,"href":"https:\/\/senoticias.com.br\/se\/wp-json\/wp\/v2\/media\/69584"}],"wp:attachment":[{"href":"https:\/\/senoticias.com.br\/se\/wp-json\/wp\/v2\/media?parent=85635"}],"wp:term":[{"taxonomy":"category","embeddable":true,"href":"https:\/\/senoticias.com.br\/se\/wp-json\/wp\/v2\/categories?post=85635"},{"taxonomy":"post_tag","embeddable":true,"href":"https:\/\/senoticias.com.br\/se\/wp-json\/wp\/v2\/tags?post=85635"}],"curies":[{"name":"wp","href":"https:\/\/api.w.org\/{rel}","templated":true}]}}