{"id":85496,"date":"2015-10-31T14:00:52","date_gmt":"2015-10-31T17:00:52","guid":{"rendered":"http:\/\/senoticias.com.br\/se\/?p=85496"},"modified":"2015-11-02T18:14:43","modified_gmt":"2015-11-02T21:14:43","slug":"voo-decola-de-aracaju-mas-retorna-apos-ave-colidir-com-turbina","status":"publish","type":"post","link":"https:\/\/senoticias.com.br\/se\/voo-decola-de-aracaju-mas-retorna-apos-ave-colidir-com-turbina\/","title":{"rendered":"Voo decola de Aracaju, mas retorna ap\u00f3s ave colidir com turbina"},"content":{"rendered":"<p style=\"text-align: justify;\"><em><strong>Do <a href=\"http:\/\/g1.globo.com\/se\/sergipe\/noticia\/2015\/10\/voo-decola-de-aracaju-mas-retorna-depois-de-suposta-colisao-com-ave.html\" target=\"_blank\">G1<\/a> SE<\/strong><\/em><\/p>\n<p style=\"text-align: justify;\">O voo da Gol 1937 decolou de\u00a0Aracaju\u00a0com destino a cidade do Rio de Janeiro por volta das 10h da manh\u00e3 deste s\u00e1bado (31), mas precisou retornar depois de uma suposta colis\u00e3o com uma ave.<\/p>\n<p style=\"text-align: justify;\">A passageira L\u00edvia Gaspar, que estava no voo como o marido, contou que a principio um tremor muito forte foi sentido em uma das asas. \u201cN\u00f3s est\u00e1vamos no 1937 com destino a cidade do Rio de Janeiro\u00a0 logo ap\u00f3s a decolagem houve ent\u00e3o um tremor muito forte na aeronave, principalmente do lado direito, onde n\u00f3s est\u00e1vamos sentados\u201d.<\/p>\n<div id=\"attachment_85497\" style=\"width: 608px\" class=\"wp-caption aligncenter\"><a href=\"http:\/\/senoticias.com.br\/se\/wp-content\/uploads\/2015\/10\/marcio_dantas-e1446310737859.jpg\"><img loading=\"lazy\" decoding=\"async\" aria-describedby=\"caption-attachment-85497\" class=\"size-full wp-image-85497\" alt=\"Aeroporto Santa Maria em Aracaju (Foto: M\u00e1rcio Dantas\/Divulga\u00e7\u00e3o)\" src=\"http:\/\/senoticias.com.br\/se\/wp-content\/uploads\/2015\/10\/marcio_dantas-e1446310737859.jpg\" width=\"598\" height=\"449\" \/><\/a><p id=\"caption-attachment-85497\" class=\"wp-caption-text\">Aeroporto Santa Maria em Aracaju (Foto: M\u00e1rcio Dantas\/Divulga\u00e7\u00e3o)<\/p><\/div>\n<p style=\"text-align: justify;\">A passageira disse ainda que alguns minutos depois o comandante conversou com os passageiros. \u201cAlguns minutos depois o comandante entrou em contato conosco avisando que tinha batido uma ave e que precisaria retornar imediatamente ao aeroporto\u201d.<\/p>\n<p style=\"text-align: justify;\">Ela disse tamb\u00e9m que uma idosa chegou a passar mal, mas logo recebeu cuidados m\u00e9dicos. \u201cAp\u00f3s pousarmos fomos informados que iriamos voltar em outra aeronave ainda pela manh\u00e3. As pessoas ficaram em p\u00e2nico, inclusive uma senhora passou um pouco mal\u201d.<\/p>\n<p style=\"text-align: justify;\"><strong>Nota enviada pela assessoria da GOL<\/strong><\/p>\n<p style=\"text-align: justify;\"><em>S\u00e3o Paulo, 01 de setembro de 2015 &#8211; Ap\u00f3s a decolagem do voo G3 1937 no aeroporto de Aracaju, em Sergipe, com origem programada para o aeroporto do RioGale\u00e3o, no Rio de Janeiro, foi registrada uma ocorr\u00eancia de bird strike (colis\u00e3o com p\u00e1ssaro). A aeronave retornou ao aeroporto de origem e, foi realizado o desembarque dos passageiros normalmente. Ap\u00f3s avalia\u00e7\u00e3o a aeronave foi encaminhada \u00e0 equipe de manuten\u00e7\u00e3o da companhia.<\/em><\/p>\n<p style=\"text-align: justify;\"><em>Os clientes do voo G3 1937 (Aracaju &#8211; RioGale\u00e3o) &#8211; com 156 passageiros &#8211; foram acomodados em outro voo da companhia, com previs\u00e3o de decolagem \u00e0s 12h, hor\u00e1rio local de Sergipe. J\u00e1 os 36 clientes do voo G3 9009 (Aracaju &#8211; Bras\u00edlia)\u00a0 foram redistribu\u00eddos : parte\u00a0 no voo da companhia que seguir\u00e1 para o Rio de Janeiro, com conex\u00e3o para Bras\u00edlia,\u00a0 e os demais em empresas cong\u00eaneres.<\/em><\/p>\n<p style=\"text-align: justify;\"><em>A companhia ressalta que preza pelos mais altos padr\u00f5es de seguran\u00e7a, item priorit\u00e1rio em sua pol\u00edtica de gest\u00e3o.<\/em><\/p>\n<p style=\"text-align: justify;\"><strong>Acompanhe o SE Not\u00edcias no\u00a0<a href=\"https:\/\/twitter.com\/Senoticias\" target=\"_blank\">Twitter\u00a0<\/a>e no\u00a0<a href=\"https:\/\/www.facebook.com\/PortalSENoticias\" target=\"_blank\">Facebook<\/a><\/strong><\/p>\n","protected":false},"excerpt":{"rendered":"<p>Do G1 SE O voo da Gol 1937 decolou de\u00a0Aracaju\u00a0com destino a cidade do Rio de Janeiro por volta das 10h da manh\u00e3 deste s\u00e1bado (31), mas precisou retornar depois de uma suposta colis\u00e3o com uma ave. A passageira L\u00edvia Gaspar, que estava no voo como o marido, contou que a principio um tremor muito [&hellip;]<\/p>\n","protected":false},"author":1,"featured_media":85497,"comment_status":"closed","ping_status":"closed","sticky":false,"template":"","format":"standard","meta":{"footnotes":""},"categories":[6],"tags":[],"class_list":{"0":"post-85496","1":"post","2":"type-post","3":"status-publish","4":"format-standard","5":"has-post-thumbnail","7":"category-politica"},"_links":{"self":[{"href":"https:\/\/senoticias.com.br\/se\/wp-json\/wp\/v2\/posts\/85496"}],"collection":[{"href":"https:\/\/senoticias.com.br\/se\/wp-json\/wp\/v2\/posts"}],"about":[{"href":"https:\/\/senoticias.com.br\/se\/wp-json\/wp\/v2\/types\/post"}],"author":[{"embeddable":true,"href":"https:\/\/senoticias.com.br\/se\/wp-json\/wp\/v2\/users\/1"}],"replies":[{"embeddable":true,"href":"https:\/\/senoticias.com.br\/se\/wp-json\/wp\/v2\/comments?post=85496"}],"version-history":[{"count":0,"href":"https:\/\/senoticias.com.br\/se\/wp-json\/wp\/v2\/posts\/85496\/revisions"}],"wp:featuredmedia":[{"embeddable":true,"href":"https:\/\/senoticias.com.br\/se\/wp-json\/wp\/v2\/media\/85497"}],"wp:attachment":[{"href":"https:\/\/senoticias.com.br\/se\/wp-json\/wp\/v2\/media?parent=85496"}],"wp:term":[{"taxonomy":"category","embeddable":true,"href":"https:\/\/senoticias.com.br\/se\/wp-json\/wp\/v2\/categories?post=85496"},{"taxonomy":"post_tag","embeddable":true,"href":"https:\/\/senoticias.com.br\/se\/wp-json\/wp\/v2\/tags?post=85496"}],"curies":[{"name":"wp","href":"https:\/\/api.w.org\/{rel}","templated":true}]}}