{"id":85490,"date":"2015-10-31T10:11:21","date_gmt":"2015-10-31T13:11:21","guid":{"rendered":"http:\/\/senoticias.com.br\/se\/?p=85490"},"modified":"2015-11-01T17:31:22","modified_gmt":"2015-11-01T20:31:22","slug":"prese-conclui-apresentacao-de-provas-contra-os-acusados-no-caso-das-subvencoes-da-alese","status":"publish","type":"post","link":"https:\/\/senoticias.com.br\/se\/prese-conclui-apresentacao-de-provas-contra-os-acusados-no-caso-das-subvencoes-da-alese\/","title":{"rendered":"PRE\/SE conclui apresenta\u00e7\u00e3o de provas contra os acusados no caso das Subven\u00e7\u00f5es da Alese"},"content":{"rendered":"<div id=\"attachment_85491\" style=\"width: 356px\" class=\"wp-caption alignright\"><a href=\"http:\/\/senoticias.com.br\/se\/wp-content\/uploads\/2015\/10\/romulo.jpg\"><img loading=\"lazy\" decoding=\"async\" aria-describedby=\"caption-attachment-85491\" class=\"size-full wp-image-85491\" alt=\"Procurador Regional Eleitoral, R\u00f4mulo Almeida. (Foto: Andr\u00e9 Moreira)\" src=\"http:\/\/senoticias.com.br\/se\/wp-content\/uploads\/2015\/10\/romulo.jpg\" width=\"346\" height=\"229\" srcset=\"https:\/\/senoticias.com.br\/se\/wp-content\/uploads\/2015\/10\/romulo.jpg 346w, https:\/\/senoticias.com.br\/se\/wp-content\/uploads\/2015\/10\/romulo-300x198.jpg 300w, https:\/\/senoticias.com.br\/se\/wp-content\/uploads\/2015\/10\/romulo-342x226.jpg 342w\" sizes=\"(max-width: 346px) 100vw, 346px\" \/><\/a><p id=\"caption-attachment-85491\" class=\"wp-caption-text\">Procurador Regional Eleitoral, R\u00f4mulo Almeida. (Foto: Andr\u00e9 Moreira)<\/p><\/div>\n<p style=\"text-align: justify;\" align=\"left\"><span style=\"font-family: Verdana, sans-serif;\"><span style=\"font-family: 'Segoe UI';\">A Procuradoria Regional Eleitoral (PRE\/SE) concluiu, ainda na ter\u00e7a-feira, o envio dos documentos exigidos pelo Tribunal Superior Eleitoral (TSE), ap\u00f3s decis\u00e3o do ministro Luiz Fux, que determinou a e detalhamento das provas utilizadas pela PRE no caso das subven\u00e7\u00f5es da Alese. Com isso, no entendimento do Minist\u00e9rio P\u00fablico, est\u00e1 assegurado o regular andamento do processo.<\/span><\/span><\/p>\n<p style=\"text-align: justify;\" align=\"left\"><span style=\"font-family: Verdana, sans-serif;\"><span style=\"font-family: 'Segoe UI';\">A decis\u00e3o do TSE, proferida na \u00faltima sexta-feira, determinou que, para cada processo ajuizado, fossem indicadas, no prazo de trinta dias, as provas e testemunhas utilizadas na argumenta\u00e7\u00e3o do Minist\u00e9rio P\u00fablico, do conjunto de provas apresentadas durante a fase de investiga\u00e7\u00e3o e oitiva de testemunhas. O pedido foi feito pelos advogados de Jeferson Luiz de Andrade, Zeca Ramos da Silva, Maria Ang\u00e9lica Guimar\u00e3es Marinho, Luiz Augusto Carvalho Ribeiro Filho e Raimundo Lima Vieira.<\/span><\/span><\/p>\n<p style=\"text-align: justify;\" align=\"left\"><span style=\"font-family: Verdana, sans-serif;\"><span style=\"font-family: 'Segoe UI';\">No entendimento da PRE, a medida j\u00e1 havia sido atendida, pois j\u00e1 tinham sido especificadas as provas de cada processo em manifesta\u00e7\u00f5es apresentadas pelo Minist\u00e9rio P\u00fablico em setembro. Al\u00e9m disso, as provas tamb\u00e9m foram indicadas detalhadamente nas alega\u00e7\u00f5es finais do MPE em cada representa\u00e7\u00e3o, fazendo com que as defesas dos acusados tivessem plena ci\u00eancia de tudo que foi usado nos processos.<\/span><\/span><\/p>\n<p style=\"text-align: justify;\" align=\"left\"><span style=\"font-family: Verdana, sans-serif;\"><span style=\"font-family: 'Segoe UI';\">Entretanto, para que fosse cumprida a determina\u00e7\u00e3o do TSE, foi providenciada nova delimita\u00e7\u00e3o das provas, em manifesta\u00e7\u00f5es apresentadas nos dias 26 e 27 de outubro, ocasi\u00e3o em que a PRE tamb\u00e9m ratificou suas alega\u00e7\u00f5es finais.<\/span><\/span><\/p>\n<p style=\"text-align: justify;\" align=\"left\"><span style=\"font-family: Verdana, sans-serif;\"><span style=\"font-family: 'Segoe UI';\">De acordo com o Procurador Regional Eleitoral, R\u00f4mulo Almeida, a alega\u00e7\u00e3o dos requeridos de que n\u00e3o teriam condi\u00e7\u00f5es de saber que provas seriam usadas no processo n\u00e3o tem qualquer fundamento, pois \u201ca defesa sempre teve inteiro conhecimento dos elementos probantes relacionados a cada representado\u201d, tanto por terem acompanhado a fase de instru\u00e7\u00e3o do processo com oitiva das testemunhas, seja pelo acesso aos autos do processo, que \u00e9 garantido por lei aos advogados. Al\u00e9m disso, o MPE j\u00e1 havia indicado as provas que pretendia usar em cada processo, atendendo a uma decis\u00e3o anterior do ministro Luiz Fux para que cada r\u00e9u fosse julgado individualmente.<\/span><\/span><\/p>\n<p style=\"text-align: justify;\" align=\"left\"><span style=\"font-family: Verdana, sans-serif;\"><span style=\"font-family: 'Segoe UI';\">Segundo a Procuradoria Regional Eleitoral, o recurso apresentado pela defesa desses acusados \u201ctem um \u00fanico objetivo: retardar ao m\u00e1ximo o julgamento das representa\u00e7\u00f5es contra eles movidas, cientes que est\u00e3o do robusto conjunto de provas produzido em seu desfavor\u201d.<\/span><\/span><\/p>\n<p style=\"text-align: justify;\" align=\"left\"><strong>Acompanhe o SE Not\u00edcias no\u00a0<a href=\"https:\/\/twitter.com\/Senoticias\" target=\"_blank\">Twitter\u00a0<\/a>e no\u00a0<a href=\"https:\/\/www.facebook.com\/PortalSENoticias\" target=\"_blank\">Facebook<\/a><\/strong><\/p>\n<p style=\"text-align: justify;\" align=\"left\"><strong><em>Assessoria de Comunica\u00e7\u00e3o<\/em><\/strong><br \/>\n<strong><em>Minist\u00e9rio P\u00fablico Federal em Sergipe<\/em><\/strong><\/p>\n","protected":false},"excerpt":{"rendered":"<p>A Procuradoria Regional Eleitoral (PRE\/SE) concluiu, ainda na ter\u00e7a-feira, o envio dos documentos exigidos pelo Tribunal Superior Eleitoral (TSE), ap\u00f3s decis\u00e3o do ministro Luiz Fux, que determinou a e detalhamento das provas utilizadas pela PRE no caso das subven\u00e7\u00f5es da Alese. Com isso, no entendimento do Minist\u00e9rio P\u00fablico, est\u00e1 assegurado o regular andamento do processo. [&hellip;]<\/p>\n","protected":false},"author":1,"featured_media":85491,"comment_status":"closed","ping_status":"closed","sticky":false,"template":"","format":"standard","meta":{"footnotes":""},"categories":[6,1],"tags":[],"class_list":{"0":"post-85490","1":"post","2":"type-post","3":"status-publish","4":"format-standard","5":"has-post-thumbnail","7":"category-politica","8":"category-sem-categoria"},"_links":{"self":[{"href":"https:\/\/senoticias.com.br\/se\/wp-json\/wp\/v2\/posts\/85490"}],"collection":[{"href":"https:\/\/senoticias.com.br\/se\/wp-json\/wp\/v2\/posts"}],"about":[{"href":"https:\/\/senoticias.com.br\/se\/wp-json\/wp\/v2\/types\/post"}],"author":[{"embeddable":true,"href":"https:\/\/senoticias.com.br\/se\/wp-json\/wp\/v2\/users\/1"}],"replies":[{"embeddable":true,"href":"https:\/\/senoticias.com.br\/se\/wp-json\/wp\/v2\/comments?post=85490"}],"version-history":[{"count":0,"href":"https:\/\/senoticias.com.br\/se\/wp-json\/wp\/v2\/posts\/85490\/revisions"}],"wp:featuredmedia":[{"embeddable":true,"href":"https:\/\/senoticias.com.br\/se\/wp-json\/wp\/v2\/media\/85491"}],"wp:attachment":[{"href":"https:\/\/senoticias.com.br\/se\/wp-json\/wp\/v2\/media?parent=85490"}],"wp:term":[{"taxonomy":"category","embeddable":true,"href":"https:\/\/senoticias.com.br\/se\/wp-json\/wp\/v2\/categories?post=85490"},{"taxonomy":"post_tag","embeddable":true,"href":"https:\/\/senoticias.com.br\/se\/wp-json\/wp\/v2\/tags?post=85490"}],"curies":[{"name":"wp","href":"https:\/\/api.w.org\/{rel}","templated":true}]}}