{"id":85487,"date":"2015-10-30T15:31:50","date_gmt":"2015-10-30T18:31:50","guid":{"rendered":"http:\/\/senoticias.com.br\/se\/?p=85487"},"modified":"2015-10-31T09:34:34","modified_gmt":"2015-10-31T12:34:34","slug":"tribunal-de-contas-renova-convenio-para-exibicao-de-noticiario-na-tv-alese","status":"publish","type":"post","link":"https:\/\/senoticias.com.br\/se\/tribunal-de-contas-renova-convenio-para-exibicao-de-noticiario-na-tv-alese\/","title":{"rendered":"Tribunal de Contas renova conv\u00eanio para exibi\u00e7\u00e3o de notici\u00e1rio na TV Alese"},"content":{"rendered":"<div>\n<p style=\"text-align: justify;\">O Tribunal de Contas do Estado (TCE\/SE) e a Assembleia Legislativa de Sergipe (Alese) renovaram na manh\u00e3 desta quinta-feira, 29, o conv\u00eanio para exibi\u00e7\u00e3o do notici\u00e1rio semanal TCE na TV, na TV Alese &#8211; emissora mantida pelo legislativo estadual.<\/p>\n<div id=\"attachment_85488\" style=\"width: 608px\" class=\"wp-caption aligncenter\"><a href=\"http:\/\/senoticias.com.br\/se\/wp-content\/uploads\/2015\/10\/tce-e1446294842123.jpg\"><img loading=\"lazy\" decoding=\"async\" aria-describedby=\"caption-attachment-85488\" class=\"size-full wp-image-85488\" alt=\"TCE renova conv\u00eanio para exibi\u00e7\u00e3o de notici\u00e1rio na TV Alese. (Foto: Cleverton Ribeiro)\" src=\"http:\/\/senoticias.com.br\/se\/wp-content\/uploads\/2015\/10\/tce-e1446294842123.jpg\" width=\"598\" height=\"399\" \/><\/a><p id=\"caption-attachment-85488\" class=\"wp-caption-text\">TCE renova conv\u00eanio para exibi\u00e7\u00e3o de notici\u00e1rio na TV Alese. (Foto: Cleverton Ribeiro)<\/p><\/div>\n<p style=\"text-align: justify;\">Participaram do ato de assinatura, o presidente do TCE, conselheiro Carlos Pinna, o presidente da Alese, deputado Luciano Bispo, os diretores de comunica\u00e7\u00e3o, jornalistas Ac\u00e1cia Trindade e Marcos Aur\u00e9lio, e diretores administrativos das duas institui\u00e7\u00f5es, Elizi\u00e1rio Sobral e Roberto Bispo, respectivamente.<\/p>\n<p style=\"text-align: justify;\">&#8220;A TV Alese tem nos possibilitado disseminar nossas a\u00e7\u00f5es para um grande p\u00fablico, que vai crescer ainda mais agora com a implanta\u00e7\u00e3o da emissora em canal aberto&#8221;, observou o conselheiro Carlos Pinna.<\/p>\n<p style=\"text-align: justify;\">J\u00e1 o deputado Luciano Bispo enalteceu a boa rela\u00e7\u00e3o institucional entre os \u00f3rg\u00e3os, avaliando que o trabalho conjunto reverte em benef\u00edcios para os cidad\u00e3os.<\/p>\n<p style=\"text-align: justify;\">O TCE na TV \u00e9 exibido semanalmente, toda sexta feira, \u00e0s 11h15 na TV Aperip\u00ea e \u00e0s 18h na TV Alese. \u00c9 tamb\u00e9m transmitido pela R\u00e1dio Web do TCE, nas segunda e sextas, \u00e0s 11h15.<\/p>\n<p style=\"text-align: justify;\"><strong>Acompanhe o SE Not\u00edcias no\u00a0<a href=\"https:\/\/twitter.com\/Senoticias\" target=\"_blank\">Twitter\u00a0<\/a>e no\u00a0<a href=\"https:\/\/www.facebook.com\/PortalSENoticias\" target=\"_blank\">Facebook<\/a><\/strong><\/p>\n<\/div>\n<div>\n<div><b><\/b><b>Da Diretoria de Comunica\u00e7\u00e3o e M\u00eddias do TCE\u00a0<\/b><\/div>\n<\/div>\n","protected":false},"excerpt":{"rendered":"<p>O Tribunal de Contas do Estado (TCE\/SE) e a Assembleia Legislativa de Sergipe (Alese) renovaram na manh\u00e3 desta quinta-feira, 29, o conv\u00eanio para exibi\u00e7\u00e3o do notici\u00e1rio semanal TCE na TV, na TV Alese &#8211; emissora mantida pelo legislativo estadual. Participaram do ato de assinatura, o presidente do TCE, conselheiro Carlos Pinna, o presidente da Alese, [&hellip;]<\/p>\n","protected":false},"author":1,"featured_media":85488,"comment_status":"closed","ping_status":"closed","sticky":false,"template":"","format":"standard","meta":{"footnotes":""},"categories":[6],"tags":[],"class_list":{"0":"post-85487","1":"post","2":"type-post","3":"status-publish","4":"format-standard","5":"has-post-thumbnail","7":"category-politica"},"_links":{"self":[{"href":"https:\/\/senoticias.com.br\/se\/wp-json\/wp\/v2\/posts\/85487"}],"collection":[{"href":"https:\/\/senoticias.com.br\/se\/wp-json\/wp\/v2\/posts"}],"about":[{"href":"https:\/\/senoticias.com.br\/se\/wp-json\/wp\/v2\/types\/post"}],"author":[{"embeddable":true,"href":"https:\/\/senoticias.com.br\/se\/wp-json\/wp\/v2\/users\/1"}],"replies":[{"embeddable":true,"href":"https:\/\/senoticias.com.br\/se\/wp-json\/wp\/v2\/comments?post=85487"}],"version-history":[{"count":0,"href":"https:\/\/senoticias.com.br\/se\/wp-json\/wp\/v2\/posts\/85487\/revisions"}],"wp:featuredmedia":[{"embeddable":true,"href":"https:\/\/senoticias.com.br\/se\/wp-json\/wp\/v2\/media\/85488"}],"wp:attachment":[{"href":"https:\/\/senoticias.com.br\/se\/wp-json\/wp\/v2\/media?parent=85487"}],"wp:term":[{"taxonomy":"category","embeddable":true,"href":"https:\/\/senoticias.com.br\/se\/wp-json\/wp\/v2\/categories?post=85487"},{"taxonomy":"post_tag","embeddable":true,"href":"https:\/\/senoticias.com.br\/se\/wp-json\/wp\/v2\/tags?post=85487"}],"curies":[{"name":"wp","href":"https:\/\/api.w.org\/{rel}","templated":true}]}}