{"id":85479,"date":"2015-10-30T20:33:32","date_gmt":"2015-10-30T23:33:32","guid":{"rendered":"http:\/\/senoticias.com.br\/se\/?p=85479"},"modified":"2015-10-30T20:39:32","modified_gmt":"2015-10-30T23:39:32","slug":"romeiros-viajam-a-juazeiro-em-onibus-cedidos-pela-prefeitura-de-itaporanga","status":"publish","type":"post","link":"https:\/\/senoticias.com.br\/se\/romeiros-viajam-a-juazeiro-em-onibus-cedidos-pela-prefeitura-de-itaporanga\/","title":{"rendered":"Romeiros viajam a Juazeiro em \u00f4nibus cedidos pela Prefeitura de Itaporanga"},"content":{"rendered":"<p>&nbsp;<\/p>\n<p style=\"text-align: justify;\">Aproximadamente 150 itaporanguenses foram \u00e0 cidade de Juazeiro do Norte &#8211; Cear\u00e1, em tr\u00eas \u00f4nibus cedidos pela prefeitura de Itaporanga. O embarque foi no in\u00edcio da manh\u00e3 de quarta\u00ad-feira na Pra\u00e7a Silvio Garcez, em Itaporanga.<\/p>\n<div id=\"attachment_85480\" style=\"width: 608px\" class=\"wp-caption aligncenter\"><a href=\"http:\/\/senoticias.com.br\/se\/wp-content\/uploads\/2015\/10\/Marcelo-e1446247921717.jpg\"><img loading=\"lazy\" decoding=\"async\" aria-describedby=\"caption-attachment-85480\" class=\"size-full wp-image-85480\" alt=\"A prefeita Gracinha acompanhou de perto a sa\u00edda dos romeiros. (Foto: arquivo pessoal)\" src=\"http:\/\/senoticias.com.br\/se\/wp-content\/uploads\/2015\/10\/Marcelo-e1446247921717.jpg\" width=\"598\" height=\"449\" \/><\/a><p id=\"caption-attachment-85480\" class=\"wp-caption-text\">A prefeita Gracinha acompanhou de perto a sa\u00edda dos romeiros. (Foto: arquivo pessoal)<\/p><\/div>\n<p style=\"text-align: justify;\">A prociss\u00e3o que ocorre no Cear\u00e1 j\u00e1 \u00e9 uma tradi\u00e7\u00e3o para as romeiras do munic\u00edpio. Foram disponibilizados pela prefeitura tr\u00eas \u00f4nibus com ar-condicionado para cerca de 150 pessoas.<\/p>\n<div id=\"attachment_85481\" style=\"width: 608px\" class=\"wp-caption aligncenter\"><a href=\"http:\/\/senoticias.com.br\/se\/wp-content\/uploads\/2015\/10\/Marcelo3-e1446248337475.jpg\"><img loading=\"lazy\" decoding=\"async\" aria-describedby=\"caption-attachment-85481\" class=\"size-full wp-image-85481\" alt=\" Dezenas de romeiros viajaram para Juazeiro do Norte(CE), com retorno previsto para o pr\u00f3ximo domingo. (Foto: arquivo pessoal)\" src=\"http:\/\/senoticias.com.br\/se\/wp-content\/uploads\/2015\/10\/Marcelo3-e1446248337475.jpg\" width=\"598\" height=\"449\" \/><\/a><p id=\"caption-attachment-85481\" class=\"wp-caption-text\"><br \/>Dezenas de romeiros viajaram para Juazeiro do Norte (CE), com retorno previsto para o pr\u00f3ximo domingo. (Foto: arquivo pessoal)<\/p><\/div>\n<div>\n<p style=\"text-align: justify;\">A prefeita Maria das Gra\u00e7as esteve na pra\u00e7a se despedindo dos romeiros, que retornar\u00e3o no pr\u00f3ximo domingo. &#8220;\u00c9 uma satisfa\u00e7\u00e3o ver homens, mulheres e at\u00e9 mesmo crian\u00e7as partindo nesta romaria. Uma demonstra\u00e7\u00e3o de f\u00e9 e do bom cora\u00e7\u00e3o que nosso povo tem. Que Padre C\u00edcero continue aben\u00e7oando nossa cidade&#8221;, disse a prefeita.<\/p>\n<p style=\"text-align: justify;\">A caravana dos romeiros visita anualmente a Capital Nordestina da f\u00e9 e tem a organiza\u00e7\u00e3o do vereador Marcelo Anchieta.<\/p>\n<p style=\"text-align: justify;\"><strong>Acompanhe o SE Not\u00edcias no\u00a0<a href=\"https:\/\/twitter.com\/Senoticias\" target=\"_blank\">Twitter\u00a0<\/a>e no\u00a0<a href=\"https:\/\/www.facebook.com\/PortalSENoticias\" target=\"_blank\">Facebook<\/a><\/strong><\/p>\n<p style=\"text-align: justify;\"><strong><em>Reda\u00e7\u00e3o SENot\u00edcias<\/em><\/strong><\/p>\n<\/div>\n","protected":false},"excerpt":{"rendered":"<p>&nbsp; Aproximadamente 150 itaporanguenses foram \u00e0 cidade de Juazeiro do Norte &#8211; Cear\u00e1, em tr\u00eas \u00f4nibus cedidos pela prefeitura de Itaporanga. O embarque foi no in\u00edcio da manh\u00e3 de quarta\u00ad-feira na Pra\u00e7a Silvio Garcez, em Itaporanga. A prociss\u00e3o que ocorre no Cear\u00e1 j\u00e1 \u00e9 uma tradi\u00e7\u00e3o para as romeiras do munic\u00edpio. Foram disponibilizados pela prefeitura [&hellip;]<\/p>\n","protected":false},"author":1,"featured_media":85480,"comment_status":"closed","ping_status":"closed","sticky":false,"template":"","format":"standard","meta":{"footnotes":""},"categories":[38,46],"tags":[],"class_list":{"0":"post-85479","1":"post","2":"type-post","3":"status-publish","4":"format-standard","5":"has-post-thumbnail","7":"category-municipios","8":"category-religiao"},"_links":{"self":[{"href":"https:\/\/senoticias.com.br\/se\/wp-json\/wp\/v2\/posts\/85479"}],"collection":[{"href":"https:\/\/senoticias.com.br\/se\/wp-json\/wp\/v2\/posts"}],"about":[{"href":"https:\/\/senoticias.com.br\/se\/wp-json\/wp\/v2\/types\/post"}],"author":[{"embeddable":true,"href":"https:\/\/senoticias.com.br\/se\/wp-json\/wp\/v2\/users\/1"}],"replies":[{"embeddable":true,"href":"https:\/\/senoticias.com.br\/se\/wp-json\/wp\/v2\/comments?post=85479"}],"version-history":[{"count":0,"href":"https:\/\/senoticias.com.br\/se\/wp-json\/wp\/v2\/posts\/85479\/revisions"}],"wp:featuredmedia":[{"embeddable":true,"href":"https:\/\/senoticias.com.br\/se\/wp-json\/wp\/v2\/media\/85480"}],"wp:attachment":[{"href":"https:\/\/senoticias.com.br\/se\/wp-json\/wp\/v2\/media?parent=85479"}],"wp:term":[{"taxonomy":"category","embeddable":true,"href":"https:\/\/senoticias.com.br\/se\/wp-json\/wp\/v2\/categories?post=85479"},{"taxonomy":"post_tag","embeddable":true,"href":"https:\/\/senoticias.com.br\/se\/wp-json\/wp\/v2\/tags?post=85479"}],"curies":[{"name":"wp","href":"https:\/\/api.w.org\/{rel}","templated":true}]}}