{"id":85471,"date":"2015-10-30T15:06:18","date_gmt":"2015-10-30T18:06:18","guid":{"rendered":"http:\/\/senoticias.com.br\/se\/?p=85471"},"modified":"2015-11-02T10:18:17","modified_gmt":"2015-11-02T13:18:17","slug":"defensoria-publica-da-uniao-vai-reabrir-as-inscricoes-do-concurso-para-143-vagas","status":"publish","type":"post","link":"https:\/\/senoticias.com.br\/se\/defensoria-publica-da-uniao-vai-reabrir-as-inscricoes-do-concurso-para-143-vagas\/","title":{"rendered":"Defensoria P\u00fablica da Uni\u00e3o vai reabrir as inscri\u00e7\u00f5es do concurso para 143 vagas"},"content":{"rendered":"<p style=\"text-align: justify;\"><em><strong>Do G1, em S\u00e3o Paulo<\/strong><\/em><\/p>\n<div id=\"attachment_24428\" style=\"width: 310px\" class=\"wp-caption alignright\"><a href=\"http:\/\/senoticias.com.br\/se\/wp-content\/uploads\/2012\/02\/Concurso-II1.jpg\"><img loading=\"lazy\" decoding=\"async\" aria-describedby=\"caption-attachment-24428\" class=\"size-medium wp-image-24428\" alt=\"Cargos s\u00e3o de n\u00edveis m\u00e9dio e superior. (Foto: Divulga\u00e7\u00e3o)\" src=\"http:\/\/senoticias.com.br\/se\/wp-content\/uploads\/2012\/02\/Concurso-II1-300x200.jpg\" width=\"300\" height=\"200\" srcset=\"https:\/\/senoticias.com.br\/se\/wp-content\/uploads\/2012\/02\/Concurso-II1-300x200.jpg 300w, https:\/\/senoticias.com.br\/se\/wp-content\/uploads\/2012\/02\/Concurso-II1-342x227.jpg 342w, https:\/\/senoticias.com.br\/se\/wp-content\/uploads\/2012\/02\/Concurso-II1.jpg 510w\" sizes=\"(max-width: 300px) 100vw, 300px\" \/><\/a><p id=\"caption-attachment-24428\" class=\"wp-caption-text\">Cargos s\u00e3o de n\u00edveis m\u00e9dio e superior. (Foto: Divulga\u00e7\u00e3o)<\/p><\/div>\n<p style=\"text-align: justify;\">A Defensoria P\u00fablica da Uni\u00e3o (DPU) vai reabrir as inscri\u00e7\u00f5es do concurso para 143 vagas e forma\u00e7\u00e3o de cadastro de reserva em cargos de n\u00edveis m\u00e9dio e superior. Os sal\u00e1rios s\u00e3o de R$ 3.817,98 e R$ 5.266,18, respectivamente. O\u00a0<a href=\"http:\/\/g1.globo.com\/tudo-sobre\/cebraspe\/\">Cebraspe<\/a>, antigo Cespe\/UnB, foi mantido como organizadora da sele\u00e7\u00e3o.<\/p>\n<p style=\"text-align: justify;\"><a href=\"http:\/\/www.cespe.unb.br\/concursos\/dpu_15_administrativo\/\" target=\"_blank\">No site do Cebraspe, \u00e9 poss\u00edvel ver o edital (acesse aqui)<\/a>.<\/p>\n<p style=\"text-align: justify;\">As oportunidades s\u00e3o para o Acre, Alagoas, Amap\u00e1, Bahia, Distrito Federal, Esp\u00edrito Santo, Maranh\u00e3o, Mato Grosso, Mato Grosso do Sul, Minas Gerais, Par\u00e1, Paran\u00e1, Pernambuco, Rio de Janeiro, Rio Grande do Norte, Rio Grande do Sul, Rond\u00f4nia, Roraima, Santa Catarina, S\u00e3o Paulo, Sergipe e Tocantins.<\/p>\n<p style=\"text-align: justify;\">Os cargos de n\u00edvel superior s\u00e3o para analista t\u00e9cnico-administrativo, arquivista, assistente social, contador, economista, psic\u00f3logo, soci\u00f3logo, t\u00e9cnico em assuntos educacionais e t\u00e9cnico em comunica\u00e7\u00e3o social \u2013 jornalismo.<\/p>\n<p style=\"text-align: justify;\">As vagas de n\u00edvel m\u00e9dio s\u00e3o para agente administrativo.<\/p>\n<p style=\"text-align: justify;\">As inscri\u00e7\u00f5es podem ser feitas de 9 a 22 de novembro pelo site<a href=\"http:\/\/www.cespe.unb.br\/\" target=\"_blank\">www.cespe.unb.br\/concursos\/dpu_15_administrativo<\/a>. A taxa \u00e9 de R$ 100 para n\u00edvel superior e R$ 70 para n\u00edvel m\u00e9dio.<\/p>\n<p style=\"text-align: justify;\">As provas objetivas e a per\u00edcia m\u00e9dica dos candidatos que se declararam com defici\u00eancia ser\u00e3o realizadas nas 26 capitais dos estados da Federa\u00e7\u00e3o e no Distrito Federal.<\/p>\n<p style=\"text-align: justify;\">As provas objetivas ser\u00e3o aplicadas na data prov\u00e1vel de 24 de janeiro de 2016.<\/p>\n<p style=\"text-align: justify;\">O concurso ter\u00e1 validade de 1 ano e poder\u00e1 ser prorrogado, uma vez, por igual per\u00edodo.<\/p>\n<p style=\"text-align: justify;\"><strong>Suspens\u00e3o<br \/>\n<\/strong><br \/>\n<a href=\"http:\/\/g1.globo.com\/concursos-e-emprego\/noticia\/2015\/05\/defensoria-publica-da-uniao-suspende-concurso-para-143-vagas.html\">O concurso foi suspenso em maio deste ano<\/a>\u00a0depois que o Minist\u00e9rio do Planejamento, Or\u00e7amento e Gest\u00e3o (MPOG) disse que a DPU ganhou autonomia e, assim, ela poderia utilizar a titulariza\u00e7\u00e3o de cargos criados pelo Poder Executivo. O minist\u00e9rio retirou os 393 postos da defensoria para que o \u00f3rg\u00e3o realizasse um concursos com suas pr\u00f3prias vagas.<\/p>\n<p style=\"text-align: justify;\">O DPU entrou com um mandado de seguran\u00e7a pedindo a imediata devolu\u00e7\u00e3o dos cargos vagos da da \u00e1rea administrativa, retirados do Sistema de Pessoal da Administra\u00e7\u00e3o P\u00fablica Federal (Sipec) pelo Poder Executivo. O documento enfatizava a car\u00eancia de pessoal, j\u00e1 que em seus 20 anos de exist\u00eancia apenas um concurso p\u00fablico foi realizado.<\/p>\n<p style=\"text-align: justify;\">No mandado de seguran\u00e7a a institui\u00e7\u00e3o alega que &#8220;em face do desaparecimento dos cargos vagos de forma inadvertida, da noite para o dia, somente restou \u00e0 Defensoria P\u00fablica da Uni\u00e3o a decis\u00e3o de cautela no sentido de suspender o concurso p\u00fablico em andamento e a tr\u00eas dias do t\u00e9rmino das inscri\u00e7\u00f5es&#8221;.<\/p>\n<p style=\"text-align: justify;\"><strong>Acompanhe o SE Not\u00edcias no\u00a0<a href=\"https:\/\/twitter.com\/Senoticias\" target=\"_blank\">Twitter\u00a0<\/a>e no\u00a0<a href=\"https:\/\/www.facebook.com\/PortalSENoticias\/\" target=\"_blank\">Facebook<\/a><\/strong><\/p>\n","protected":false},"excerpt":{"rendered":"<p>Do G1, em S\u00e3o Paulo A Defensoria P\u00fablica da Uni\u00e3o (DPU) vai reabrir as inscri\u00e7\u00f5es do concurso para 143 vagas e forma\u00e7\u00e3o de cadastro de reserva em cargos de n\u00edveis m\u00e9dio e superior. Os sal\u00e1rios s\u00e3o de R$ 3.817,98 e R$ 5.266,18, respectivamente. O\u00a0Cebraspe, antigo Cespe\/UnB, foi mantido como organizadora da sele\u00e7\u00e3o. No site do [&hellip;]<\/p>\n","protected":false},"author":1,"featured_media":24428,"comment_status":"closed","ping_status":"closed","sticky":false,"template":"","format":"standard","meta":{"footnotes":""},"categories":[9,6],"tags":[],"class_list":{"0":"post-85471","1":"post","2":"type-post","3":"status-publish","4":"format-standard","5":"has-post-thumbnail","7":"category-concursos","8":"category-politica"},"_links":{"self":[{"href":"https:\/\/senoticias.com.br\/se\/wp-json\/wp\/v2\/posts\/85471"}],"collection":[{"href":"https:\/\/senoticias.com.br\/se\/wp-json\/wp\/v2\/posts"}],"about":[{"href":"https:\/\/senoticias.com.br\/se\/wp-json\/wp\/v2\/types\/post"}],"author":[{"embeddable":true,"href":"https:\/\/senoticias.com.br\/se\/wp-json\/wp\/v2\/users\/1"}],"replies":[{"embeddable":true,"href":"https:\/\/senoticias.com.br\/se\/wp-json\/wp\/v2\/comments?post=85471"}],"version-history":[{"count":0,"href":"https:\/\/senoticias.com.br\/se\/wp-json\/wp\/v2\/posts\/85471\/revisions"}],"wp:featuredmedia":[{"embeddable":true,"href":"https:\/\/senoticias.com.br\/se\/wp-json\/wp\/v2\/media\/24428"}],"wp:attachment":[{"href":"https:\/\/senoticias.com.br\/se\/wp-json\/wp\/v2\/media?parent=85471"}],"wp:term":[{"taxonomy":"category","embeddable":true,"href":"https:\/\/senoticias.com.br\/se\/wp-json\/wp\/v2\/categories?post=85471"},{"taxonomy":"post_tag","embeddable":true,"href":"https:\/\/senoticias.com.br\/se\/wp-json\/wp\/v2\/tags?post=85471"}],"curies":[{"name":"wp","href":"https:\/\/api.w.org\/{rel}","templated":true}]}}