{"id":85468,"date":"2015-10-29T18:01:31","date_gmt":"2015-10-29T21:01:31","guid":{"rendered":"http:\/\/senoticias.com.br\/se\/?p=85468"},"modified":"2015-10-31T14:00:32","modified_gmt":"2015-10-31T17:00:32","slug":"denarc-prende-homem-com-55-kg-de-maconha-em-socorro","status":"publish","type":"post","link":"https:\/\/senoticias.com.br\/se\/denarc-prende-homem-com-55-kg-de-maconha-em-socorro\/","title":{"rendered":"Denarc prende homem com 55 kg de maconha em Socorro"},"content":{"rendered":"<p style=\"text-align: justify;\">A Pol\u00edcia Civil, por meio do Departamento de Narc\u00f3ticos (Denarc), prendeu na manh\u00e3 desta quinta-feira, 29, Jos\u00e9 Maria Menezes, 58 anos, suspeito de tr\u00e1fico de drogas no povoado Sobrado, munic\u00edpio de Nossa Senhora do Socorro, regi\u00e3o metropolitana de Aracaju. Com ele foram apreendidos 55 quilos de maconha prensada.<\/p>\n<div id=\"attachment_85469\" style=\"width: 608px\" class=\"wp-caption aligncenter\"><a href=\"http:\/\/senoticias.com.br\/se\/wp-content\/uploads\/2015\/10\/2457049736-.jpg\"><img loading=\"lazy\" decoding=\"async\" aria-describedby=\"caption-attachment-85469\" class=\" wp-image-85469 \" alt=\"Foto: Divulga\u00e7\u00e3o \" src=\"http:\/\/senoticias.com.br\/se\/wp-content\/uploads\/2015\/10\/2457049736-.jpg\" width=\"598\" height=\"347\" \/><\/a><p id=\"caption-attachment-85469\" class=\"wp-caption-text\">Foto: Divulga\u00e7\u00e3o<\/p><\/div>\n<p style=\"text-align: justify;\">De acordo com o diretor do Denarc, delegado Fl\u00e1vio Albuquerque, os agentes vinham investigando o local e deflagraram hoje a opera\u00e7\u00e3o que resultou na pris\u00e3o de Jos\u00e9 Maria. &#8220;Sab\u00edamos que havia uma grande quantidade de droga enterrada em um matagal. Fomos at\u00e9 o local e localizamos a droga que estava sendo vigiada pelo suspeito&#8221;, explicou.<\/p>\n<p style=\"text-align: justify;\">Jos\u00e9 Maria atuava no local como vigia da droga que, segundo o delegado, pertence a uma outra pessoa j\u00e1 identificada. &#8220;As investiga\u00e7\u00f5es ir\u00e3o continuar. J\u00e1 temos a identifica\u00e7\u00e3o do propriet\u00e1rio da droga e esperamos em breve efetuar a pris\u00e3o&#8221;, concluiu.<\/p>\n<p style=\"text-align: justify;\"><em>Fonte: SSP\/SE<\/em><\/p>\n<p style=\"text-align: justify;\"><strong>Acompanhe o SE Not\u00edcias no <a href=\"https:\/\/twitter.com\/Senoticias\" target=\"_blank\">Twitter <\/a>e no <a href=\"https:\/\/www.facebook.com\/PortalSENoticias\/\" target=\"_blank\">Facebook<\/a><\/strong><\/p>\n","protected":false},"excerpt":{"rendered":"<p>A Pol\u00edcia Civil, por meio do Departamento de Narc\u00f3ticos (Denarc), prendeu na manh\u00e3 desta quinta-feira, 29, Jos\u00e9 Maria Menezes, 58 anos, suspeito de tr\u00e1fico de drogas no povoado Sobrado, munic\u00edpio de Nossa Senhora do Socorro, regi\u00e3o metropolitana de Aracaju. Com ele foram apreendidos 55 quilos de maconha prensada. De acordo com o diretor do Denarc, [&hellip;]<\/p>\n","protected":false},"author":1,"featured_media":85469,"comment_status":"closed","ping_status":"closed","sticky":false,"template":"","format":"standard","meta":{"footnotes":""},"categories":[7],"tags":[],"class_list":{"0":"post-85468","1":"post","2":"type-post","3":"status-publish","4":"format-standard","5":"has-post-thumbnail","7":"category-policia"},"_links":{"self":[{"href":"https:\/\/senoticias.com.br\/se\/wp-json\/wp\/v2\/posts\/85468"}],"collection":[{"href":"https:\/\/senoticias.com.br\/se\/wp-json\/wp\/v2\/posts"}],"about":[{"href":"https:\/\/senoticias.com.br\/se\/wp-json\/wp\/v2\/types\/post"}],"author":[{"embeddable":true,"href":"https:\/\/senoticias.com.br\/se\/wp-json\/wp\/v2\/users\/1"}],"replies":[{"embeddable":true,"href":"https:\/\/senoticias.com.br\/se\/wp-json\/wp\/v2\/comments?post=85468"}],"version-history":[{"count":0,"href":"https:\/\/senoticias.com.br\/se\/wp-json\/wp\/v2\/posts\/85468\/revisions"}],"wp:featuredmedia":[{"embeddable":true,"href":"https:\/\/senoticias.com.br\/se\/wp-json\/wp\/v2\/media\/85469"}],"wp:attachment":[{"href":"https:\/\/senoticias.com.br\/se\/wp-json\/wp\/v2\/media?parent=85468"}],"wp:term":[{"taxonomy":"category","embeddable":true,"href":"https:\/\/senoticias.com.br\/se\/wp-json\/wp\/v2\/categories?post=85468"},{"taxonomy":"post_tag","embeddable":true,"href":"https:\/\/senoticias.com.br\/se\/wp-json\/wp\/v2\/tags?post=85468"}],"curies":[{"name":"wp","href":"https:\/\/api.w.org\/{rel}","templated":true}]}}