{"id":85466,"date":"2015-10-29T17:44:47","date_gmt":"2015-10-29T20:44:47","guid":{"rendered":"http:\/\/senoticias.com.br\/se\/?p=85466"},"modified":"2015-10-31T22:21:51","modified_gmt":"2015-11-01T01:21:51","slug":"veja-o-que-abre-e-o-que-fecha-no-feriado-dia-do-servidor-e-de-finados","status":"publish","type":"post","link":"https:\/\/senoticias.com.br\/se\/veja-o-que-abre-e-o-que-fecha-no-feriado-dia-do-servidor-e-de-finados\/","title":{"rendered":"Veja o que abre e o que fecha no feriado Dia do Servidor e de Finados"},"content":{"rendered":"<div id=\"attachment_62884\" style=\"width: 310px\" class=\"wp-caption alignright\"><a href=\"http:\/\/senoticias.com.br\/se\/wp-content\/uploads\/2014\/04\/hjegf.jpg\"><img loading=\"lazy\" decoding=\"async\" aria-describedby=\"caption-attachment-62884\" class=\"size-medium wp-image-62884\" alt=\" (Foto: Divulga\u00e7\u00e3o) \" src=\"http:\/\/senoticias.com.br\/se\/wp-content\/uploads\/2014\/04\/hjegf-300x251.jpg\" width=\"300\" height=\"251\" srcset=\"https:\/\/senoticias.com.br\/se\/wp-content\/uploads\/2014\/04\/hjegf-300x251.jpg 300w, https:\/\/senoticias.com.br\/se\/wp-content\/uploads\/2014\/04\/hjegf-342x286.jpg 342w, https:\/\/senoticias.com.br\/se\/wp-content\/uploads\/2014\/04\/hjegf.jpg 500w\" sizes=\"(max-width: 300px) 100vw, 300px\" \/><\/a><p id=\"caption-attachment-62884\" class=\"wp-caption-text\">(Foto: Divulga\u00e7\u00e3o)<\/p><\/div>\n<p style=\"text-align: justify;\"><em><strong>Via Portal Infonet<\/strong><\/em><\/p>\n<p style=\"text-align: justify;\">O feriado alusivo ao Dia do Servidor P\u00fablico, transferido para 30 de outubro, e o feriado do Dia de Finados, 2 de outubro, caem, respectivamente, em uma sexta-feira e segunda-feira, formando um feriad\u00e3o e provocando altera\u00e7\u00f5es no funcionamento de estabelecimentos comerciais e reparti\u00e7\u00f5es p\u00fablicas. Confira o que funciona neste per\u00edodo e programe-se!<\/p>\n<p style=\"text-align: justify;\"><strong>Shoppings<\/strong><\/p>\n<p style=\"text-align: justify;\">Em virtude do Dia de Finados, o Shopping Jardins altera o seu hor\u00e1rio de funcionamento na pr\u00f3xima segunda-feira, 2 de novembro, quando as pra\u00e7as de alimenta\u00e7\u00e3o Jardins e Arcos abrir\u00e3o das 12h \u00e0s 22h. Lojas e quiosques estar\u00e3o fechados. Restaurantes, opera\u00e7\u00f5es de entretenimento, o hipermercado G.Barbosa e o Cinemark obedecer\u00e3o aos hor\u00e1rios de suas respectivas redes.<\/p>\n<p style=\"text-align: justify;\">O RioMar Shopping opera em hor\u00e1rio diferenciado. Na data, funcionam as opera\u00e7\u00f5es de alimenta\u00e7\u00e3o e o Game Station, das 12 \u00e0s 22 horas. As demais lojas, inclusive o hipermercado GBarbosa, v\u00e3o permanecer fechadas. O restaurante Ferreiro Grill abre a partir das 12h e o Cinemark funciona de acordo com a programa\u00e7\u00e3o estabelecida pela Rede.<\/p>\n<p style=\"text-align: justify;\">O hor\u00e1rio de funcionamento do shopping Pr\u00eamio ser\u00e1 normal no dia 30 e no dia 02 de novembro das 10h \u00e0s 22h.<\/p>\n<p style=\"text-align: justify;\"><strong>Supermercados<\/strong><\/p>\n<p style=\"text-align: justify;\">No feriado de 2 de novembro, Dia de Finados, as lojas do P\u00e3o de A\u00e7\u00facar [Rua Jos\u00e9 Seabra Batista, S\/N, bairro Jardins] e do Extra [Avenida Presidente Tancredo Neves, S\/N, bairro Grageru] n\u00e3o ter\u00e3o expediente, retornando o funcionamento normal no dia 3 de novembro: P\u00e3o de A\u00e7\u00facar das 7h \u00e0s 22h e Extra das 7h \u00e0s 24h. No dia 1\u00ba de novembro, a loja do Extra em Aracaju fechar\u00e1 \u00e0s 22h e a do P\u00e3o de A\u00e7\u00facar fechar\u00e1 \u00e0s 21h.<\/p>\n<p style=\"text-align: justify;\"><strong>Feiras livres<\/strong><\/p>\n<p style=\"text-align: justify;\">A Empresa Municipal de Servi\u00e7os Urbanos (Emsurb) informa que os mercados centrais [Albano Franco, Thales Ferraz e Ant\u00f4nio Franco], setoriais [bairros] e feiras livres funcionar\u00e3o normalmente no dia do feriado do \u201cServidor P\u00fablico\u201d, transferido para pr\u00f3xima sexta-feira, 30. J\u00e1 no dia 2, feriado do \u201cDia dos Finados\u201d somente estar\u00e1 funcionando em meio turno, das 6 \u00e0s 12 horas, os mercados centrais. Os mercados setoriais e feiras livres retornar\u00e3o as atividades na ter\u00e7a-feira, 3.<\/p>\n<p style=\"text-align: justify;\"><strong>Com\u00e9rcio<\/strong><\/p>\n<p style=\"text-align: justify;\">As lojas do Centro Comercial de Aracaju funcionam normalmente na sexta-feira, 30, mas fecham as portas no dia 2 de novembro.<\/p>\n<p style=\"text-align: justify;\"><strong>Posto Aracaju Card<\/strong><\/p>\n<p style=\"text-align: justify;\">O Sindicato das Empresas de Transporte de Passageiros (Setransp) informa que devido ao feriado do servidor p\u00fablico, transferido para o dia 30 de outubro &#8211; esta sexta-feira, o Servi\u00e7o de Informa\u00e7\u00e3o ao Cidad\u00e3o da UFS, onde opera o Posto Aracajucard, ser\u00e1 interrompido nesta data. O atendimento retorna dia 03 de novembro, ter\u00e7a-feira.<\/p>\n<p style=\"text-align: justify;\"><strong>Parques<\/strong><\/p>\n<p style=\"text-align: justify;\">O Parque da Sementeira funciona normalmente das 5h \u00e0s 22h. O Parque da Cidade, localizado no bairro Industrial, tamb\u00e9m funciona e abre \u00e0s 8h. O Parque dos Cajueiros, na avenida Beira Mar, tem acesso livre.<\/p>\n<p style=\"text-align: justify;\"><strong>Hemose<\/strong><\/p>\n<p style=\"text-align: justify;\">O Centro de Hemoterapia de Sergipe (Hemose) informa que os servi\u00e7os de coleta de sangue e atendimento ambulatorial da unidade, n\u00e3o funcionar\u00e3o na pr\u00f3xima sexta-feira, 31, feriado do Dia do Servidor P\u00fablico e na segunda feira, 2 de novembro, Dia de Finados. A dispensa\u00e7\u00e3o de sangue e hemocomponentes para rede hospitalar trabalham em regime de plant\u00e3o 24 horas<\/p>\n<p style=\"text-align: justify;\">Para refor\u00e7ar o estoque de sangue, no final de semana com feriados a unidade manter\u00e1 o funcionamento no s\u00e1bado, 31, o servi\u00e7o abre normalmente das 8h\u00e0s 12h e no domingo, 1\u00ba de novembro, o servi\u00e7o n\u00e3o abre. Na ter\u00e7a-feira, 3, o servi\u00e7o de doa\u00e7\u00e3o de sangue retorna o hor\u00e1rio normal, das 7h30 \u00e0s 17h30.<\/p>\n<p style=\"text-align: justify;\"><strong>Reparti\u00e7\u00f5es p\u00fablicas<\/strong><\/p>\n<p style=\"text-align: justify;\">Por causa do feriado do Servidor P\u00fablico, que foi transferido do dia 28 para o dia 30 de outubro, as reparti\u00e7\u00f5es p\u00fablicas estaduais e municipais ficam fechadas entre os dias 30 de outubro e 2 de novembro, voltando a funcionar na ter\u00e7a-feira, 3 de novembro.<\/p>\n<p style=\"text-align: justify;\"><strong>Semfaz<\/strong><\/p>\n<p style=\"text-align: justify;\">A Secretaria Municipal da Fazenda comunica aos contribuintes que apesar do ponto facultativo do pr\u00f3ximo dia 30 de outubro, o Departamento de Atendimento ao Contribuinte vai instalar um plant\u00e3o, funcionando no hor\u00e1rio estendido das 8h \u00e0s 17h para que os contribuintes possam emitir seus boletos e sejam beneficiados com o Refis.<\/p>\n<p style=\"text-align: justify;\">O Departamento de Atendimento ao Contribuinte da SEMFAZ, fica na Pra\u00e7a General Valad\u00e3o, 341, ( antigo Banco do Brasil) bairro Centro,estar\u00e1 funcionando para emitir os boletos com que os contribuintes poder\u00e3o quitar suas d\u00edvidas contra\u00eddas junto ao munic\u00edpio.<\/p>\n<p style=\"text-align: justify;\">Por conseguinte, o contribuinte que desejar ser beneficiado com o REFIS, cujo prazo termina dia 31\/10\/2015, poder\u00e1, tamb\u00e9m, gerar os boletos, com desconto de 100% dos juros e multas, atrav\u00e9s do site da Prefeitura, e efetuar o pagamento nas casas lot\u00e9ricas, nos pontos BANESE ou nos caixas autom\u00e1ticos e auto atendimento internet banking dos bancos conveniados ( Caixa Econ\u00f4mica, Banco do Brasil, Ita\u00fa, ou via internet).<\/p>\n<p style=\"text-align: justify;\">Lembrando ainda que as pessoas que tiverem o boleto com data do dia 31, s\u00e1bado, poder\u00e1 pagar na pr\u00f3xima ter\u00e7a-feira, dia 03 de novembro.<\/p>\n<p style=\"text-align: justify;\"><strong>Servi\u00e7os de emerg\u00eancia e sa\u00fade<\/strong><\/p>\n<p style=\"text-align: justify;\">Durante o feriad\u00e3o, os servi\u00e7os emergenciais do Estado, como Corpo de Bombeiros, Defesa Civil, Pol\u00edcia Militar e Civil, O Samu 192 Sergipe, hospitais e demais unidades de sa\u00fade de urg\u00eancia estar\u00e3o de plant\u00e3o para atender as demandas da popula\u00e7\u00e3o.<\/p>\n<p style=\"text-align: justify;\">As Unidades de Sa\u00fade da Fam\u00edlia (USFs) estar\u00e3o fechadas, bem como a sede da Secretaria Municipal da Sa\u00fade (SMS), os dois Centros de Especialidades M\u00e9dicas (Cemar) Augusto Franco e Siqueira Campos e demais setores administrativos.<\/p>\n<p style=\"text-align: justify;\">Os Hospitais Municipais Nestor Piva (Zona Norte) e Fernando Franco (Zona Sul) estar\u00e3o funcionando normalmente. Os plant\u00f5es ser\u00e3o mantidos como de costume, pela Rede de Urg\u00eancia e Emerg\u00eancia (Reue), lembrando que a Urg\u00eancia Pedi\u00e1trica funciona no Zona Sul e a Ortop\u00e9dica no Nestor Piva.<\/p>\n<p style=\"text-align: justify;\">J\u00e1 a Urg\u00eancia Odontol\u00f3gica, que fica no Nestor Piva, estar\u00e1 em regime de plant\u00e3o a partir das 19h de sexta, 30, at\u00e9 \u00e0s 7h de ter\u00e7a, 3. Nos Centros de Aten\u00e7\u00e3o Psicossocial (CAPS) III (Liberdade, Primavera e David Capistrano), o funcionamento ser\u00e1 interno.<\/p>\n<p style=\"text-align: justify;\">O Centro de Informa\u00e7\u00f5es Espec\u00edficas de Vigil\u00e2ncia em Sa\u00fade (CIEVS) possui uma Unidade de Resposta R\u00e1pida (URR), que ficar\u00e1 de plant\u00e3o 24h durante todo o feriado. &#8220;Em caso de surto de alguma doen\u00e7a, ou qualquer evento inusitado, como intoxica\u00e7\u00e3o alimentar ou morte por Dengue, Meningite, a popula\u00e7\u00e3o poder\u00e1 fazer o chamado pelo 8811-8013&#8221;, ressaltou a diretora de Vigil\u00e2ncia em Sa\u00fade, Tereza Cristina Maynard.<\/p>\n<p style=\"text-align: justify;\">*Com informa\u00e7\u00f5es do Portal Infonet<\/p>\n<p style=\"text-align: justify;\"><strong>Acompanhe o SE Not\u00edcias no <a href=\"https:\/\/twitter.com\/Senoticias\" target=\"_blank\">Twitter <\/a>e no <a href=\"https:\/\/www.facebook.com\/PortalSENoticias\/\" target=\"_blank\">Facebook<\/a><\/strong><\/p>\n","protected":false},"excerpt":{"rendered":"<p>Via Portal Infonet O feriado alusivo ao Dia do Servidor P\u00fablico, transferido para 30 de outubro, e o feriado do Dia de Finados, 2 de outubro, caem, respectivamente, em uma sexta-feira e segunda-feira, formando um feriad\u00e3o e provocando altera\u00e7\u00f5es no funcionamento de estabelecimentos comerciais e reparti\u00e7\u00f5es p\u00fablicas. Confira o que funciona neste per\u00edodo e programe-se! [&hellip;]<\/p>\n","protected":false},"author":1,"featured_media":62884,"comment_status":"closed","ping_status":"closed","sticky":false,"template":"","format":"standard","meta":{"footnotes":""},"categories":[310],"tags":[],"class_list":{"0":"post-85466","1":"post","2":"type-post","3":"status-publish","4":"format-standard","5":"has-post-thumbnail","7":"category-destaques-da-semana"},"_links":{"self":[{"href":"https:\/\/senoticias.com.br\/se\/wp-json\/wp\/v2\/posts\/85466"}],"collection":[{"href":"https:\/\/senoticias.com.br\/se\/wp-json\/wp\/v2\/posts"}],"about":[{"href":"https:\/\/senoticias.com.br\/se\/wp-json\/wp\/v2\/types\/post"}],"author":[{"embeddable":true,"href":"https:\/\/senoticias.com.br\/se\/wp-json\/wp\/v2\/users\/1"}],"replies":[{"embeddable":true,"href":"https:\/\/senoticias.com.br\/se\/wp-json\/wp\/v2\/comments?post=85466"}],"version-history":[{"count":0,"href":"https:\/\/senoticias.com.br\/se\/wp-json\/wp\/v2\/posts\/85466\/revisions"}],"wp:featuredmedia":[{"embeddable":true,"href":"https:\/\/senoticias.com.br\/se\/wp-json\/wp\/v2\/media\/62884"}],"wp:attachment":[{"href":"https:\/\/senoticias.com.br\/se\/wp-json\/wp\/v2\/media?parent=85466"}],"wp:term":[{"taxonomy":"category","embeddable":true,"href":"https:\/\/senoticias.com.br\/se\/wp-json\/wp\/v2\/categories?post=85466"},{"taxonomy":"post_tag","embeddable":true,"href":"https:\/\/senoticias.com.br\/se\/wp-json\/wp\/v2\/tags?post=85466"}],"curies":[{"name":"wp","href":"https:\/\/api.w.org\/{rel}","templated":true}]}}