{"id":85463,"date":"2015-10-29T17:34:35","date_gmt":"2015-10-29T20:34:35","guid":{"rendered":"http:\/\/senoticias.com.br\/se\/?p=85463"},"modified":"2015-10-29T17:34:35","modified_gmt":"2015-10-29T20:34:35","slug":"transporte-intermunicipal-tera-aumento-da-frota-no-feriadao","status":"publish","type":"post","link":"https:\/\/senoticias.com.br\/se\/transporte-intermunicipal-tera-aumento-da-frota-no-feriadao\/","title":{"rendered":"Transporte intermunicipal ter\u00e1 aumento da frota no feriad\u00e3o"},"content":{"rendered":"<div id=\"attachment_85464\" style=\"width: 310px\" class=\"wp-caption alignright\"><a href=\"http:\/\/senoticias.com.br\/se\/wp-content\/uploads\/2015\/10\/5cf45d55728f113ac7ab5fc5fb5ccad1.jpeg\"><img loading=\"lazy\" decoding=\"async\" aria-describedby=\"caption-attachment-85464\" class=\"size-medium wp-image-85464\" alt=\"Foto: Divulga\u00e7\u00e3o \/ ASN\" src=\"http:\/\/senoticias.com.br\/se\/wp-content\/uploads\/2015\/10\/5cf45d55728f113ac7ab5fc5fb5ccad1-300x199.jpeg\" width=\"300\" height=\"199\" srcset=\"https:\/\/senoticias.com.br\/se\/wp-content\/uploads\/2015\/10\/5cf45d55728f113ac7ab5fc5fb5ccad1-300x199.jpeg 300w, https:\/\/senoticias.com.br\/se\/wp-content\/uploads\/2015\/10\/5cf45d55728f113ac7ab5fc5fb5ccad1-342x227.jpeg 342w, https:\/\/senoticias.com.br\/se\/wp-content\/uploads\/2015\/10\/5cf45d55728f113ac7ab5fc5fb5ccad1.jpeg 640w\" sizes=\"(max-width: 300px) 100vw, 300px\" \/><\/a><p id=\"caption-attachment-85464\" class=\"wp-caption-text\">Foto: Divulga\u00e7\u00e3o \/ ASN<\/p><\/div>\n<p style=\"text-align: justify;\">Por ocasi\u00e3o do feriado do dia do servidor p\u00fablico no dia 30 de outubro e do dia de finados na segunda-feira, 02, o que resulta em uma procura maior por passagens para o interior do estado, a Coordenadoria de Transportes (Cotransp) em comum acordo com as operadoras de transporte, Coopertalse, Coopetaju, Via Norte, Coagreste, Coopesert\u00e3o, Coopase, Coopevam e Transert\u00e3o disponibiliza a partir das 13 horas da sexta-feira, 30 at\u00e9 a manh\u00e3 da ter\u00e7a-feira, 03, toda a frota reserva de ve\u00edculos.<\/p>\n<p style=\"text-align: justify;\">Nas ocasi\u00f5es em que o feriado acontece \u00e0s segundas-feiras, o aumento da frota se d\u00e1 no s\u00e1bado anterior, no entanto, em virtude do ponto facultativo decretado pela Prefeitura de Aracaju e pelo Governo do Estado para os servidores dos \u00f3rg\u00e3os p\u00fablicos, a disponibiliza\u00e7\u00e3o da frota reserva foi antecipada, uma vez que muitos passageiros preferem se deslocar a partir da sexta-feira.<\/p>\n<p style=\"text-align: justify;\">Estima-se que na sexta-feira e no s\u00e1bado, na tarde da segunda e manh\u00e3 de ter\u00e7a-feira o n\u00famero de passageiros varie entre 120 e 130 mil pessoas e estes utilizem o Terminal Rodovi\u00e1rio Governador Luiz Garcia, localizado no centro da cidade e o Terminal Rodovi\u00e1rio Jos\u00e9 Rollemberg Leite, situado na Avenida Tancredo Neves, como ponto de partida e chegada dos seus destinos.<\/p>\n<p style=\"text-align: justify;\">Mesmo com a necessidade do aumento da frota nesse per\u00edodo, a fiscaliza\u00e7\u00e3o dos ve\u00edculos por parte da Cootransp manter\u00e1 o rigor de sempre, ficando suspenso o sistema de revezamento programado dos ve\u00edculos, bem como a contrata\u00e7\u00e3o de ve\u00edculos de terceiros n\u00e3o cadastrados e vistoriados pela Cotransp.<\/p>\n<p style=\"text-align: justify;\"><em>Fonte: Ag\u00eancia Sergipe de Not\u00edcias<\/em><\/p>\n<p style=\"text-align: justify;\"><strong>Acompanhe o SE Not\u00edcias no <a href=\"https:\/\/twitter.com\/Senoticias\" target=\"_blank\">Twitter <\/a>e no <a href=\"https:\/\/www.facebook.com\/PortalSENoticias\/\" target=\"_blank\">Facebook<\/a><\/strong><\/p>\n","protected":false},"excerpt":{"rendered":"<p>Por ocasi\u00e3o do feriado do dia do servidor p\u00fablico no dia 30 de outubro e do dia de finados na segunda-feira, 02, o que resulta em uma procura maior por passagens para o interior do estado, a Coordenadoria de Transportes (Cotransp) em comum acordo com as operadoras de transporte, Coopertalse, Coopetaju, Via Norte, Coagreste, Coopesert\u00e3o, [&hellip;]<\/p>\n","protected":false},"author":1,"featured_media":85464,"comment_status":"closed","ping_status":"closed","sticky":false,"template":"","format":"standard","meta":{"footnotes":""},"categories":[38],"tags":[],"class_list":{"0":"post-85463","1":"post","2":"type-post","3":"status-publish","4":"format-standard","5":"has-post-thumbnail","7":"category-municipios"},"_links":{"self":[{"href":"https:\/\/senoticias.com.br\/se\/wp-json\/wp\/v2\/posts\/85463"}],"collection":[{"href":"https:\/\/senoticias.com.br\/se\/wp-json\/wp\/v2\/posts"}],"about":[{"href":"https:\/\/senoticias.com.br\/se\/wp-json\/wp\/v2\/types\/post"}],"author":[{"embeddable":true,"href":"https:\/\/senoticias.com.br\/se\/wp-json\/wp\/v2\/users\/1"}],"replies":[{"embeddable":true,"href":"https:\/\/senoticias.com.br\/se\/wp-json\/wp\/v2\/comments?post=85463"}],"version-history":[{"count":0,"href":"https:\/\/senoticias.com.br\/se\/wp-json\/wp\/v2\/posts\/85463\/revisions"}],"wp:featuredmedia":[{"embeddable":true,"href":"https:\/\/senoticias.com.br\/se\/wp-json\/wp\/v2\/media\/85464"}],"wp:attachment":[{"href":"https:\/\/senoticias.com.br\/se\/wp-json\/wp\/v2\/media?parent=85463"}],"wp:term":[{"taxonomy":"category","embeddable":true,"href":"https:\/\/senoticias.com.br\/se\/wp-json\/wp\/v2\/categories?post=85463"},{"taxonomy":"post_tag","embeddable":true,"href":"https:\/\/senoticias.com.br\/se\/wp-json\/wp\/v2\/tags?post=85463"}],"curies":[{"name":"wp","href":"https:\/\/api.w.org\/{rel}","templated":true}]}}