{"id":85460,"date":"2015-10-29T17:29:18","date_gmt":"2015-10-29T20:29:18","guid":{"rendered":"http:\/\/senoticias.com.br\/se\/?p=85460"},"modified":"2015-10-29T17:29:18","modified_gmt":"2015-10-29T20:29:18","slug":"grupo-dias-branco-confirma-instalacao-de-fabrica-de-cimento-em-santo-amaro","status":"publish","type":"post","link":"https:\/\/senoticias.com.br\/se\/grupo-dias-branco-confirma-instalacao-de-fabrica-de-cimento-em-santo-amaro\/","title":{"rendered":"Grupo Dias Branco confirma instala\u00e7\u00e3o de f\u00e1brica de cimento em Santo Amaro"},"content":{"rendered":"<div id=\"attachment_85461\" style=\"width: 310px\" class=\"wp-caption alignright\"><a href=\"http:\/\/senoticias.com.br\/se\/wp-content\/uploads\/2015\/10\/1d295c6049d5067eb7ec2729cb853264.jpg\"><img loading=\"lazy\" decoding=\"async\" aria-describedby=\"caption-attachment-85461\" class=\"size-medium wp-image-85461\" alt=\"Foto: Divulga\u00e7\u00e3o \/ ASN \" src=\"http:\/\/senoticias.com.br\/se\/wp-content\/uploads\/2015\/10\/1d295c6049d5067eb7ec2729cb853264-300x168.jpg\" width=\"300\" height=\"168\" srcset=\"https:\/\/senoticias.com.br\/se\/wp-content\/uploads\/2015\/10\/1d295c6049d5067eb7ec2729cb853264-300x168.jpg 300w, https:\/\/senoticias.com.br\/se\/wp-content\/uploads\/2015\/10\/1d295c6049d5067eb7ec2729cb853264-1024x576.jpg 1024w, https:\/\/senoticias.com.br\/se\/wp-content\/uploads\/2015\/10\/1d295c6049d5067eb7ec2729cb853264-342x192.jpg 342w, https:\/\/senoticias.com.br\/se\/wp-content\/uploads\/2015\/10\/1d295c6049d5067eb7ec2729cb853264.jpg 1280w\" sizes=\"(max-width: 300px) 100vw, 300px\" \/><\/a><p id=\"caption-attachment-85461\" class=\"wp-caption-text\">Foto: Divulga\u00e7\u00e3o \/ ASN<\/p><\/div>\n<p style=\"text-align: justify;\">Principal grupo econ\u00f4mico do Nordeste, o grupo empresarial M. Dias Branco instalar\u00e1 uma unidade de produ\u00e7\u00e3o de cimento em Sergipe, por meio da subsidi\u00e1ria cimento Apodi, em Santo Amaro, distante 41 quil\u00f4metros de Aracaju. O investimento de R$ 1 bilh\u00e3o ir\u00e1 gerar 2.500 novos empregos.<\/p>\n<p style=\"text-align: justify;\">O projeto \u00e9 constitu\u00eddo de uma unidade de produ\u00e7\u00e3o de cimento operando desde a minera\u00e7\u00e3o at\u00e9 o ensacamento do produto e com capacidade de produzir 4.000 toneladas\/dia. A unidade atender\u00e1 os mercados sergipanos e de outros estados do Nordeste. A previs\u00e3o \u00e9 que as obras para instala\u00e7\u00e3o sejam iniciadas no in\u00edcio do pr\u00f3ximo ano.<\/p>\n<p style=\"text-align: justify;\">Para a instala\u00e7\u00e3o da unidade em Santo Amaro, o governador Jackson Barreto reuniu-se algumas vezes com a dire\u00e7\u00e3o da Ag\u00eancia Nacional de Petr\u00f3leo (ANP), Petrobras e o grupo Dias Branco para resolver entraves administrativos e log\u00edsticos. \u201cVejo com muita alegria a presen\u00e7a do grupo M. Dias Branco, atrav\u00e9s de sua subsidi\u00e1ria a Cimento Apodi, em Sergipe. Este \u00e9 um projeto promissor que poder\u00e1 elevar Sergipe ao patamar de maior produtor de cimento do pa\u00eds. Estamos dispostos a dar o melhor dos nossos esfor\u00e7os para que a f\u00e1brica seja implantada rapidamente\u201d, afirmou o governador.<\/p>\n<p style=\"text-align: justify;\">Durante audi\u00eancia p\u00fablica para discuss\u00e3o do estudo e relat\u00f3rio de impacto ambiental do empreendimento, realizada na \u00faltima ter\u00e7a-feira, 27, o respons\u00e1vel pela Companhia de Cimento Industrial Apodi, T\u00falio Pinto, disse que o crescimento da regi\u00e3o Nordeste foi determinante para a escolha de Sergipe como sede da nova unidade.<\/p>\n<p style=\"text-align: justify;\">\u201cO cimento \u00e9 o segundo produto mais consumido no mundo, s\u00f3 perde para a \u00e1gua e a regi\u00e3o Nordeste \u00e9 a que mais cresce no consumo de cimento, por isso a empresa escolheu investir aqui\u201d, afirmou, ao observar que a f\u00e1brica ser\u00e1 instalada em uma \u00e1rea de 380 hectares.<\/p>\n<p style=\"text-align: justify;\">Para o s\u00f3cio-propriet\u00e1rio da SKS, empresa que participa do investimento junto com o grupo Dias Branco, Juscelino Sarkis, al\u00e9m da disponibilidade de calc\u00e1rio de boa qualidade na regi\u00e3o, o esfor\u00e7o feito pelo governador Jackson Barreto foi outro fator determinante para que o grupo optasse por instalar sua terceira unidade em Santo Amaro. \u201cNosso projeto est\u00e1 estimado em R$ 900 milh\u00f5es a R$ 1 bilh\u00e3o, para a produ\u00e7\u00e3o de 4 mil toneladas de cimento\/dia. Vamos gerar 500 empregos diretos quando estivermos produzindo, mais 1.500 de forma indireta e esperamos iniciar a terraplanagem assim que tivermos a licen\u00e7a de instala\u00e7\u00e3o em m\u00e3os\u201d, refor\u00e7ou o empres\u00e1rio.<\/p>\n<p style=\"text-align: justify;\">Presidente da Adema, Jos\u00e9 Almeida Lima informou que a licen\u00e7a pr\u00e9via para que o grupo possa iniciar as obras da Ind\u00fastria de Cimentos Apodi ser\u00e1 expedida at\u00e9 o fim de novembro. \u201cHoje estamos dando segmento a mais um procedimento da fase de conclus\u00e3o para o licenciamento pr\u00e9vio desse empreendimento para Sergipe\u201d, disse ao explicar que as audi\u00eancias p\u00fablicas s\u00e3o realizadas apenas para empreendimentos de grande porte, que fazem uso consider\u00e1vel dos recursos ambientais e por isso precisam ser devidamente equacionados. \u201cPrecisamos estabelecer os condicionamentos necess\u00e1rios para que essa explora\u00e7\u00e3o do meio ambiente se fa\u00e7a de forma positiva, sem trazer transtornos \u00e0 natureza e poss\u00edveis conseq\u00fc\u00eancias para a sociedade, isso contando com a participa\u00e7\u00e3o da popula\u00e7\u00e3o\u201d, refor\u00e7ou.<\/p>\n<p style=\"text-align: justify;\">O prefeito de Santo Amaro, Lu\u00eds Herman, conhecido como Chileno, comemorou o fato da popula\u00e7\u00e3o do munic\u00edpio ter comparecido em peso \u00e0 audi\u00eancia. \u201cTemos certeza que essa primeira f\u00e1brica vai marcar o in\u00edcio de uma s\u00e9rie de empreendimentos que dever\u00e3o chegar na cidade, gerando empregos e renda para a regi\u00e3o\u201d<\/p>\n<p style=\"text-align: justify;\">Para o secret\u00e1rio de Desenvolvimento, Chico Dantas, uma f\u00e1brica dessa dimens\u00e3o agrega outros segmentos importantes da economia. \u201cJ\u00e1 na fase de constru\u00e7\u00e3o, ser\u00e3o gerados cerca de 2.500 empregos, o que ser\u00e1 muito importante para movimentar a economia de Santo Amaro e toda a regi\u00e3o\u201d.<\/p>\n<p style=\"text-align: justify;\">O aposentado Andreval dos Santos participou da audi\u00eancia p\u00fablica e espera que a f\u00e1brica de cimentos traga muitas oportunidades de emprego para a cidade \u201cAgora os jovens de Santo Amaro ter\u00e3o outra perspectiva pela frente\u201d, prev\u00ea ao destacar que h\u00e1 muitos anos a cidade espera um empreendimento como esse.<\/p>\n<p style=\"text-align: justify;\"><em>Fonte: Ag\u00eancia Sergipe de Not\u00edcias<\/em><\/p>\n<p style=\"text-align: justify;\"><strong>Acompanhe o SE Not\u00edcias no <a href=\"https:\/\/twitter.com\/Senoticias\" target=\"_blank\">Twitter <\/a>e no <a href=\"https:\/\/www.facebook.com\/PortalSENoticias\/\" target=\"_blank\">Facebook<\/a><\/strong><\/p>\n","protected":false},"excerpt":{"rendered":"<p>Principal grupo econ\u00f4mico do Nordeste, o grupo empresarial M. Dias Branco instalar\u00e1 uma unidade de produ\u00e7\u00e3o de cimento em Sergipe, por meio da subsidi\u00e1ria cimento Apodi, em Santo Amaro, distante 41 quil\u00f4metros de Aracaju. O investimento de R$ 1 bilh\u00e3o ir\u00e1 gerar 2.500 novos empregos. O projeto \u00e9 constitu\u00eddo de uma unidade de produ\u00e7\u00e3o de [&hellip;]<\/p>\n","protected":false},"author":1,"featured_media":85461,"comment_status":"closed","ping_status":"closed","sticky":false,"template":"","format":"standard","meta":{"footnotes":""},"categories":[6],"tags":[],"class_list":{"0":"post-85460","1":"post","2":"type-post","3":"status-publish","4":"format-standard","5":"has-post-thumbnail","7":"category-politica"},"_links":{"self":[{"href":"https:\/\/senoticias.com.br\/se\/wp-json\/wp\/v2\/posts\/85460"}],"collection":[{"href":"https:\/\/senoticias.com.br\/se\/wp-json\/wp\/v2\/posts"}],"about":[{"href":"https:\/\/senoticias.com.br\/se\/wp-json\/wp\/v2\/types\/post"}],"author":[{"embeddable":true,"href":"https:\/\/senoticias.com.br\/se\/wp-json\/wp\/v2\/users\/1"}],"replies":[{"embeddable":true,"href":"https:\/\/senoticias.com.br\/se\/wp-json\/wp\/v2\/comments?post=85460"}],"version-history":[{"count":0,"href":"https:\/\/senoticias.com.br\/se\/wp-json\/wp\/v2\/posts\/85460\/revisions"}],"wp:featuredmedia":[{"embeddable":true,"href":"https:\/\/senoticias.com.br\/se\/wp-json\/wp\/v2\/media\/85461"}],"wp:attachment":[{"href":"https:\/\/senoticias.com.br\/se\/wp-json\/wp\/v2\/media?parent=85460"}],"wp:term":[{"taxonomy":"category","embeddable":true,"href":"https:\/\/senoticias.com.br\/se\/wp-json\/wp\/v2\/categories?post=85460"},{"taxonomy":"post_tag","embeddable":true,"href":"https:\/\/senoticias.com.br\/se\/wp-json\/wp\/v2\/tags?post=85460"}],"curies":[{"name":"wp","href":"https:\/\/api.w.org\/{rel}","templated":true}]}}