{"id":85451,"date":"2015-10-29T15:36:15","date_gmt":"2015-10-29T18:36:15","guid":{"rendered":"http:\/\/senoticias.com.br\/se\/?p=85451"},"modified":"2015-10-29T15:36:15","modified_gmt":"2015-10-29T18:36:15","slug":"justica-determina-derrubada-de-quiosque-as-margens-do-rio-sao-francisco","status":"publish","type":"post","link":"https:\/\/senoticias.com.br\/se\/justica-determina-derrubada-de-quiosque-as-margens-do-rio-sao-francisco\/","title":{"rendered":"Justi\u00e7a determina derrubada de quiosque \u00e0s margens do Rio S\u00e3o Francisco"},"content":{"rendered":"<div id=\"attachment_53420\" style=\"width: 310px\" class=\"wp-caption alignright\"><a href=\"http:\/\/senoticias.com.br\/se\/wp-content\/uploads\/2013\/10\/mpf-se.jpg\"><img loading=\"lazy\" decoding=\"async\" aria-describedby=\"caption-attachment-53420\" class=\"size-medium wp-image-53420\" alt=\"(Foto: Divulga\u00e7\u00e3o\/Net) \" src=\"http:\/\/senoticias.com.br\/se\/wp-content\/uploads\/2013\/10\/mpf-se-300x200.jpg\" width=\"300\" height=\"200\" \/><\/a><p id=\"caption-attachment-53420\" class=\"wp-caption-text\">(Foto: Divulga\u00e7\u00e3o\/Net)<\/p><\/div>\n<p style=\"text-align: justify;\">Em atendimento a a\u00e7\u00e3o do Minist\u00e9rio P\u00fablico Federal em Sergipe (MPF\/SE), a Justi\u00e7a Federal condenou Ana Paula Menezes Gurgel Ten\u00f3rio, Josan Pereira Ten\u00f3rio e a Uni\u00e3o \u00e0 demoli\u00e7\u00e3o de um quiosque \u00e0s margens do Rio S\u00e3o Francisco. O im\u00f3vel est\u00e1 localizado na Ilha de Arambipe, Munic\u00edpio de Brejo Grande.<\/p>\n<p style=\"text-align: justify;\">Segundo as investiga\u00e7\u00f5es, Ana Paula e Josan possuem tr\u00eas constru\u00e7\u00f5es na Ilha de Arambipe: uma casa residencial, um im\u00f3vel que serve para o carregamento de coco e um quiosque, que fica afastado, \u00e0s margens do Rio S\u00e3o Francisco.<\/p>\n<p style=\"text-align: justify;\">De acordo com o MPF, o per\u00edmetro que envolve o quiosque faz parte de \u00c1rea de Preserva\u00e7\u00e3o Permanente (APP) e foi constru\u00eddo irregularmente com a coniv\u00eancia da Uni\u00e3o. Al\u00e9m disso, o quiosque tamb\u00e9m escoava esgoto para as margens do Rio S\u00e3o Francisco, gerando graves danos ambientais ao ecossistema local.<\/p>\n<p style=\"text-align: justify;\"><strong>Decis\u00e3o \u2013<\/strong> A Justi\u00e7a Federal condenou todos os r\u00e9us a demolir o quiosque no prazo de 60 dias. Al\u00e9m disso, os condenados dever\u00e3o apresentar \u00e0 Administra\u00e7\u00e3o Estadual do Meio Ambiente (Adema), no prazo de 30 dias, o Projeto de Recupera\u00e7\u00e3o de \u00c1rea Degradada (Prodap) e, ap\u00f3s aprova\u00e7\u00e3o, dever\u00e3o execut\u00e1-lo. Por fim, os tr\u00eas r\u00e9us est\u00e3o proibidos de erguer qualquer edifica\u00e7\u00e3o \u00e0s margens do Rio S\u00e3o Francisco.Em caso de descumprimento dessas medidas, ser\u00e1 aplicada multa di\u00e1ria de R$ 1 mil, com valores revertidos ao favor do Fundo de Defesa de Direitos Difusos.<\/p>\n<p style=\"text-align: justify;\"><em>Da Ascom<\/em><\/p>\n<p style=\"text-align: justify;\"><strong>Acompanhe o SE Not\u00edcias no <a href=\"https:\/\/twitter.com\/Senoticias\" target=\"_blank\">Twitter <\/a>e no <a href=\"https:\/\/www.facebook.com\/PortalSENoticias\/\" target=\"_blank\">Facebook<\/a><\/strong><\/p>\n","protected":false},"excerpt":{"rendered":"<p>Em atendimento a a\u00e7\u00e3o do Minist\u00e9rio P\u00fablico Federal em Sergipe (MPF\/SE), a Justi\u00e7a Federal condenou Ana Paula Menezes Gurgel Ten\u00f3rio, Josan Pereira Ten\u00f3rio e a Uni\u00e3o \u00e0 demoli\u00e7\u00e3o de um quiosque \u00e0s margens do Rio S\u00e3o Francisco. O im\u00f3vel est\u00e1 localizado na Ilha de Arambipe, Munic\u00edpio de Brejo Grande. Segundo as investiga\u00e7\u00f5es, Ana Paula e [&hellip;]<\/p>\n","protected":false},"author":1,"featured_media":53420,"comment_status":"closed","ping_status":"closed","sticky":false,"template":"","format":"standard","meta":{"footnotes":""},"categories":[6],"tags":[],"class_list":{"0":"post-85451","1":"post","2":"type-post","3":"status-publish","4":"format-standard","5":"has-post-thumbnail","7":"category-politica"},"_links":{"self":[{"href":"https:\/\/senoticias.com.br\/se\/wp-json\/wp\/v2\/posts\/85451"}],"collection":[{"href":"https:\/\/senoticias.com.br\/se\/wp-json\/wp\/v2\/posts"}],"about":[{"href":"https:\/\/senoticias.com.br\/se\/wp-json\/wp\/v2\/types\/post"}],"author":[{"embeddable":true,"href":"https:\/\/senoticias.com.br\/se\/wp-json\/wp\/v2\/users\/1"}],"replies":[{"embeddable":true,"href":"https:\/\/senoticias.com.br\/se\/wp-json\/wp\/v2\/comments?post=85451"}],"version-history":[{"count":0,"href":"https:\/\/senoticias.com.br\/se\/wp-json\/wp\/v2\/posts\/85451\/revisions"}],"wp:featuredmedia":[{"embeddable":true,"href":"https:\/\/senoticias.com.br\/se\/wp-json\/wp\/v2\/media\/53420"}],"wp:attachment":[{"href":"https:\/\/senoticias.com.br\/se\/wp-json\/wp\/v2\/media?parent=85451"}],"wp:term":[{"taxonomy":"category","embeddable":true,"href":"https:\/\/senoticias.com.br\/se\/wp-json\/wp\/v2\/categories?post=85451"},{"taxonomy":"post_tag","embeddable":true,"href":"https:\/\/senoticias.com.br\/se\/wp-json\/wp\/v2\/tags?post=85451"}],"curies":[{"name":"wp","href":"https:\/\/api.w.org\/{rel}","templated":true}]}}