{"id":85448,"date":"2015-10-29T15:32:07","date_gmt":"2015-10-29T18:32:07","guid":{"rendered":"http:\/\/senoticias.com.br\/se\/?p=85448"},"modified":"2015-10-29T15:32:07","modified_gmt":"2015-10-29T18:32:07","slug":"dilma-diz-que-governo-aperta-o-cinto-mas-nao-corta-bolsa-familia","status":"publish","type":"post","link":"https:\/\/senoticias.com.br\/se\/dilma-diz-que-governo-aperta-o-cinto-mas-nao-corta-bolsa-familia\/","title":{"rendered":"Dilma diz que governo \u201caperta o cinto\u201d, mas n\u00e3o corta Bolsa Fam\u00edlia"},"content":{"rendered":"<div id=\"attachment_85449\" style=\"width: 310px\" class=\"wp-caption alignright\"><a href=\"http:\/\/senoticias.com.br\/se\/wp-content\/uploads\/2015\/10\/dilma.jpg\"><img loading=\"lazy\" decoding=\"async\" aria-describedby=\"caption-attachment-85449\" class=\"size-medium wp-image-85449\" alt=\"Foto: Reprodu\u00e7\u00e3o \" src=\"http:\/\/senoticias.com.br\/se\/wp-content\/uploads\/2015\/10\/dilma-300x155.jpg\" width=\"300\" height=\"155\" \/><\/a><p id=\"caption-attachment-85449\" class=\"wp-caption-text\">Foto: Reprodu\u00e7\u00e3o<\/p><\/div>\n<p style=\"text-align: justify;\">A presidenta Dilma Rousseff reiterou hoje (29) que, apesar dos ajustes na economia, o Programa Bolsa Fam\u00edlia n\u00e3o ser\u00e1 alvo de cortes nem redu\u00e7\u00e3o no Or\u00e7amento. Segundo Dilma, \u201ch\u00e1 muita conversa que n\u00e3o \u00e9 s\u00e9ria\u201d e \u201cboatos\u201d sobre o programa, mas os recursos e o pagamento em dia do benef\u00edcio est\u00e3o garantidos.<\/p>\n<p style=\"text-align: justify;\">\u201cPodem ter certeza o governo federal n\u00e3o vai parar o Bolsa Fam\u00edlia ou diminuir o Bolsa Fam\u00edlia ou n\u00e3o pagar em dia o Bolsa Fam\u00edlia\u201d, destacou. \u201cEstou aqui dizendo para voc\u00eas: o Bolsa Fam\u00edlia n\u00e3o vai ser interrompido, o Minha Casa, Minha Vida n\u00e3o vai ser interrompido\u201d, acrescentou a presidenta em discurso durante a entrega de 928 apartamentos do Programa Minha Casa, Minha Vida no Parano\u00e1, cidade do Distrito Federal a cerca de 10 quil\u00f4metros do centro da capital federal.<\/p>\n<p style=\"text-align: justify;\">Dilma destacou que o pa\u00eds atravessa um per\u00edodo de dificuldades econ\u00f4micas e que est\u00e1 \u201capertando o cinto\u201d para reduzir despesas, mas sem abrir m\u00e3o de gastos sociais considerados importantes, como o Bolsa Fam\u00edlia e os investimentos no programa habitacional. A presidenta listou cortes de oito minist\u00e9rios e de 30 secretarias e a redu\u00e7\u00e3o do n\u00famero de cargos comissionados e do pr\u00f3prio sal\u00e1rio como medidas tomadas pelo governo para cortar gastos. \u201cEsse esfor\u00e7o que a gente faz tem dois sentidos: a gente aperta o cinto e a gente garante aqueles programas que s\u00e3o fundamentais para a vida e para popula\u00e7\u00e3o.\u201d<\/p>\n<p style=\"text-align: justify;\"><strong>Cerim\u00f4nia<\/strong><\/p>\n<p style=\"text-align: justify;\">Dilma participou da cerim\u00f4nia ao lado do governador do Distrito Federal, Rodrigo Rollemberg. O governador chegou a ser chamado de \u201ccaloteiro\u201d por manifestantes que protestavam contra a falta de pagamento de reajuste a servidores p\u00fabicos. Por videoconfer\u00eancia, tamb\u00e9m foram entregues casas nos munic\u00edpios paulistas de Sorocaba, Hortol\u00e2ndia, Bragan\u00e7a Paulista e Nova Odessa, e em Canoas (RS), num total de 2.691 moradias.<\/p>\n<p style=\"text-align: justify;\">No Parano\u00e1, os apartamentos entregues hoje t\u00eam cerca de 46 metros quadrados divididos em sala, cozinha, dois quartos, banheiro e \u00e1rea de servi\u00e7o. O condom\u00ednio tem rede de \u00e1gua, esgoto, energia el\u00e9trica, ilumina\u00e7\u00e3o p\u00fablica, pavimenta\u00e7\u00e3o e \u00e1rea de lazer com centro comunit\u00e1rio e pra\u00e7as. O empreendimento recebeu investimento total de R$ 405,6 milh\u00f5es e deve beneficiar cerca de 3 mil pessoas. De acordo com a Caixa, que financia os im\u00f3veis, cada apartamento est\u00e1 avaliado em R$ 65 mil.<\/p>\n<p style=\"text-align: justify;\"><em>Fonte: Ag\u00eancia Brasil<\/em><\/p>\n<p style=\"text-align: justify;\"><strong>Acompanhe o SE Not\u00edcias no <a href=\"https:\/\/twitter.com\/Senoticias\" target=\"_blank\">Twitter <\/a>e no <a href=\"https:\/\/www.facebook.com\/PortalSENoticias\/\" target=\"_blank\">Facebook<\/a><\/strong><\/p>\n","protected":false},"excerpt":{"rendered":"<p>A presidenta Dilma Rousseff reiterou hoje (29) que, apesar dos ajustes na economia, o Programa Bolsa Fam\u00edlia n\u00e3o ser\u00e1 alvo de cortes nem redu\u00e7\u00e3o no Or\u00e7amento. Segundo Dilma, \u201ch\u00e1 muita conversa que n\u00e3o \u00e9 s\u00e9ria\u201d e \u201cboatos\u201d sobre o programa, mas os recursos e o pagamento em dia do benef\u00edcio est\u00e3o garantidos. \u201cPodem ter certeza [&hellip;]<\/p>\n","protected":false},"author":1,"featured_media":85449,"comment_status":"closed","ping_status":"closed","sticky":false,"template":"","format":"standard","meta":{"footnotes":""},"categories":[6],"tags":[],"class_list":{"0":"post-85448","1":"post","2":"type-post","3":"status-publish","4":"format-standard","5":"has-post-thumbnail","7":"category-politica"},"_links":{"self":[{"href":"https:\/\/senoticias.com.br\/se\/wp-json\/wp\/v2\/posts\/85448"}],"collection":[{"href":"https:\/\/senoticias.com.br\/se\/wp-json\/wp\/v2\/posts"}],"about":[{"href":"https:\/\/senoticias.com.br\/se\/wp-json\/wp\/v2\/types\/post"}],"author":[{"embeddable":true,"href":"https:\/\/senoticias.com.br\/se\/wp-json\/wp\/v2\/users\/1"}],"replies":[{"embeddable":true,"href":"https:\/\/senoticias.com.br\/se\/wp-json\/wp\/v2\/comments?post=85448"}],"version-history":[{"count":0,"href":"https:\/\/senoticias.com.br\/se\/wp-json\/wp\/v2\/posts\/85448\/revisions"}],"wp:featuredmedia":[{"embeddable":true,"href":"https:\/\/senoticias.com.br\/se\/wp-json\/wp\/v2\/media\/85449"}],"wp:attachment":[{"href":"https:\/\/senoticias.com.br\/se\/wp-json\/wp\/v2\/media?parent=85448"}],"wp:term":[{"taxonomy":"category","embeddable":true,"href":"https:\/\/senoticias.com.br\/se\/wp-json\/wp\/v2\/categories?post=85448"},{"taxonomy":"post_tag","embeddable":true,"href":"https:\/\/senoticias.com.br\/se\/wp-json\/wp\/v2\/tags?post=85448"}],"curies":[{"name":"wp","href":"https:\/\/api.w.org\/{rel}","templated":true}]}}