{"id":85444,"date":"2015-10-29T15:26:44","date_gmt":"2015-10-29T18:26:44","guid":{"rendered":"http:\/\/senoticias.com.br\/se\/?p=85444"},"modified":"2015-10-29T15:26:44","modified_gmt":"2015-10-29T18:26:44","slug":"prf-da-dicas-de-seguranca-e-reforca-fiscalizacao-durante-operacao-finados","status":"publish","type":"post","link":"https:\/\/senoticias.com.br\/se\/prf-da-dicas-de-seguranca-e-reforca-fiscalizacao-durante-operacao-finados\/","title":{"rendered":"PRF d\u00e1 dicas de seguran\u00e7a e refor\u00e7a fiscaliza\u00e7\u00e3o durante Opera\u00e7\u00e3o Finados"},"content":{"rendered":"<div id=\"attachment_85446\" style=\"width: 608px\" class=\"wp-caption aligncenter\"><a href=\"http:\/\/senoticias.com.br\/se\/wp-content\/uploads\/2015\/10\/capture-20151029-162430.png\"><img loading=\"lazy\" decoding=\"async\" aria-describedby=\"caption-attachment-85446\" class=\" wp-image-85446 \" alt=\"PRF vai intensificar o monitoramento das BRs 101 e 235 (Foto: Marina Fontenele\/G1) \" src=\"http:\/\/senoticias.com.br\/se\/wp-content\/uploads\/2015\/10\/capture-20151029-162430.png\" width=\"598\" height=\"462\" \/><\/a><p id=\"caption-attachment-85446\" class=\"wp-caption-text\">PRF vai intensificar o monitoramento das BRs 101 e 235 (Foto: Marina Fontenele\/G1)<\/p><\/div>\n<p style=\"text-align: justify;\">A \u2018Opera\u00e7\u00e3o Finados\u2019 ser\u00e1 executada pela Pol\u00edcia Rodovi\u00e1ria Federal (PRF) a partir das 16h desta sexta-feira (30) at\u00e9 meia-noite de segunda-feira (2) em Sergipe. Objetivo \u00e9 intensificar a fiscaliza\u00e7\u00e3o e preven\u00e7\u00e3o de acidentes nas estradas nesse per\u00edodo de maior movimento.<\/p>\n<p style=\"text-align: justify;\">Os policiais rodovi\u00e1rios v\u00e3o redobrar a aten\u00e7\u00e3o na fiscaliza\u00e7\u00e3o de ultrapassagens proibidas, uso do cinto de seguran\u00e7a, excesso de velocidade, excesso de lota\u00e7\u00e3o no transporte coletivo de passageiros, al\u00e9m de aplicar a Lei Seca e combater outros crimes.<\/p>\n<p style=\"text-align: justify;\">A PRF alerta os condutores sobre a obra de duplica\u00e7\u00e3o na pista na BR-101 na dire\u00e7\u00e3o norte entre os munic\u00edpios de Ros\u00e1rio do Catete e Propri\u00e1. O aviso vai para os pontos sem acostamento e para o trecho onde o asfalto cedeu h\u00e1 mais de um ano no KM 93 da BR-101 em Nossa Senhora do Socorro. Confira mais dicas de seguran\u00e7a abaixo:<\/p>\n<div id=\"attachment_67982\" style=\"width: 608px\" class=\"wp-caption aligncenter\"><a href=\"http:\/\/senoticias.com.br\/se\/wp-content\/uploads\/2014\/08\/10342996_482887841855037_207059043509306158_n.jpg\"><img loading=\"lazy\" decoding=\"async\" aria-describedby=\"caption-attachment-67982\" class=\" wp-image-67982 \" alt=\"Trecho da BR 101 precisou ser interditado em Sergipe (Foto: PRF-SE\/Divulga\u00e7\u00e3o)\" src=\"http:\/\/senoticias.com.br\/se\/wp-content\/uploads\/2014\/08\/10342996_482887841855037_207059043509306158_n.jpg\" width=\"598\" height=\"465\" \/><\/a><p id=\"caption-attachment-67982\" class=\"wp-caption-text\">Trecho da BR 101 precisou ser interditado em Sergipe (Foto: PRF-SE\/Divulga\u00e7\u00e3o)<\/p><\/div>\n<p style=\"text-align: justify;\"><strong>Velocidade \u2013<\/strong> Respeite os limites de velocidade estabelecidos para a via e obede\u00e7a \u00e0s placas de sinaliza\u00e7\u00e3o; onde n\u00e3o existir sinaliza\u00e7\u00e3o ou se esta estiver prejudicada, mantenha a velocidade compat\u00edvel com as condi\u00e7\u00f5es da via. Quanto maior a velocidade, maior \u00e9 o risco e mais graves ser\u00e3o os acidentes.<br \/>\n<strong><\/strong><\/p>\n<p style=\"text-align: justify;\"><strong>Ultrapassagem \u2013<\/strong> Ultrapasse sempre pela esquerda e apenas em trechos permitidos. Antes de iniciar uma ultrapassagem, certifique-se da dist\u00e2ncia e da visibilidade do ve\u00edculo que pretende ultrapassar e dos que v\u00eam em sentido contr\u00e1rio. Se outro ve\u00edculo o estiver ultrapassando ou tiver sinalizado seu desejo de faz\u00ea-lo, d\u00ea a prefer\u00eancia e aguarde a vez. Sinalize toda a manobra com anteced\u00eancia e n\u00e3o realize ultrapassagens em trechos de faixa cont\u00ednua, subidas, descidas, pontes e acostamentos.<\/p>\n<p style=\"text-align: justify;\"><strong>\u00c1lcool e outras drogas \u2013<\/strong> N\u00e3o h\u00e1 viagem para quem bebe ou usa drogas e dirige. Al\u00e9m de ser crime, os riscos para a vida aumentam consideravelmente. \u00c1lcool e drogas diminuem o reflexo, provocam sonol\u00eancia, perturba\u00e7\u00e3o na vis\u00e3o e nos sentidos, por isso se for dirigir, n\u00e3o beba e nem utilize qualquer subst\u00e2ncia entorpecente. \u00c9 importante lembrar que, ap\u00f3s as mudan\u00e7as na Lei Seca, n\u00e3o existe mais toler\u00e2ncia para a quantidade de \u00e1lcool no organismo de quem dirige. Qualquer tra\u00e7o et\u00edlico verificado \u00e9 suficiente para o motorista pagar uma multa de R$ 1.915,40, ter a carteira suspensa por at\u00e9 12 meses e ser impedido de seguir viagem, al\u00e9m de implica\u00e7\u00f5es criminais, a depender do teor alco\u00f3lico constatado.<\/p>\n<p style=\"text-align: justify;\"><strong>Motocicletas \u2013<\/strong> Use sempre capacete. Mantenha dist\u00e2ncia das laterais traseiras dos ve\u00edculos, eliminando assim o chamado \u201cponto cego\u201d. Antes de trocar de faixa de rolamento ou ao aproximar-se de um cruzamento, use os retrovisores e observe atentamente o local. N\u00e3o trafegue pr\u00f3ximo a caminh\u00f5es, pois o deslocamento de ar produzido por esses ve\u00edculos pode desestabilizar a motocicleta. N\u00e3o circule com o farol apagado, pois dificulta sua visualiza\u00e7\u00e3o pelos ve\u00edculos que est\u00e3o em sentido contr\u00e1rio.<\/p>\n<p style=\"text-align: justify;\"><strong>Restri\u00e7\u00e3o de ve\u00edculos de carga \u2013<\/strong> Para aumentar a fluidez do tr\u00e2nsito nas rodovias de pista simples, o tr\u00e1fego de caminh\u00f5es bitrens, ve\u00edculos com dimens\u00f5es excedentes e caminh\u00f5es cegonhas sofrer\u00e1 restri\u00e7\u00e3o durante o feriado. Nos dias e hor\u00e1rios de maior movimento esses ve\u00edculos n\u00e3o poder\u00e3o transitar, independentemente de estarem carregados e ainda que possuam Autoriza\u00e7\u00e3o Especial de Tr\u00e2nsito (AET).<\/p>\n<p style=\"text-align: justify;\">O motorista que descumprir a determina\u00e7\u00e3o ser\u00e1 notificado pela PRF. Trata-se de uma infra\u00e7\u00e3o m\u00e9dia, gerando multa de R$ 85,13 e quatro pontos na Carteira de Habilita\u00e7\u00e3o. Al\u00e9m disso, o condutor ser\u00e1 obrigado a permanecer com o ve\u00edculo estacionado at\u00e9 o final da restri\u00e7\u00e3o.<\/p>\n<p style=\"text-align: justify;\"><em>Do G1 em Sergipe, com informa\u00e7\u00f5es da PRF<\/em><\/p>\n<p style=\"text-align: justify;\"><strong>Acompanhe o SE Not\u00edcias no <a href=\"https:\/\/twitter.com\/Senoticias\" target=\"_blank\">Twitter <\/a>e no <a href=\"https:\/\/www.facebook.com\/PortalSENoticias\/\" target=\"_blank\">Facebook<\/a><\/strong><\/p>\n","protected":false},"excerpt":{"rendered":"<p>A \u2018Opera\u00e7\u00e3o Finados\u2019 ser\u00e1 executada pela Pol\u00edcia Rodovi\u00e1ria Federal (PRF) a partir das 16h desta sexta-feira (30) at\u00e9 meia-noite de segunda-feira (2) em Sergipe. Objetivo \u00e9 intensificar a fiscaliza\u00e7\u00e3o e preven\u00e7\u00e3o de acidentes nas estradas nesse per\u00edodo de maior movimento. Os policiais rodovi\u00e1rios v\u00e3o redobrar a aten\u00e7\u00e3o na fiscaliza\u00e7\u00e3o de ultrapassagens proibidas, uso do cinto [&hellip;]<\/p>\n","protected":false},"author":1,"featured_media":85446,"comment_status":"closed","ping_status":"closed","sticky":false,"template":"","format":"standard","meta":{"footnotes":""},"categories":[7],"tags":[],"class_list":{"0":"post-85444","1":"post","2":"type-post","3":"status-publish","4":"format-standard","5":"has-post-thumbnail","7":"category-policia"},"_links":{"self":[{"href":"https:\/\/senoticias.com.br\/se\/wp-json\/wp\/v2\/posts\/85444"}],"collection":[{"href":"https:\/\/senoticias.com.br\/se\/wp-json\/wp\/v2\/posts"}],"about":[{"href":"https:\/\/senoticias.com.br\/se\/wp-json\/wp\/v2\/types\/post"}],"author":[{"embeddable":true,"href":"https:\/\/senoticias.com.br\/se\/wp-json\/wp\/v2\/users\/1"}],"replies":[{"embeddable":true,"href":"https:\/\/senoticias.com.br\/se\/wp-json\/wp\/v2\/comments?post=85444"}],"version-history":[{"count":0,"href":"https:\/\/senoticias.com.br\/se\/wp-json\/wp\/v2\/posts\/85444\/revisions"}],"wp:featuredmedia":[{"embeddable":true,"href":"https:\/\/senoticias.com.br\/se\/wp-json\/wp\/v2\/media\/85446"}],"wp:attachment":[{"href":"https:\/\/senoticias.com.br\/se\/wp-json\/wp\/v2\/media?parent=85444"}],"wp:term":[{"taxonomy":"category","embeddable":true,"href":"https:\/\/senoticias.com.br\/se\/wp-json\/wp\/v2\/categories?post=85444"},{"taxonomy":"post_tag","embeddable":true,"href":"https:\/\/senoticias.com.br\/se\/wp-json\/wp\/v2\/tags?post=85444"}],"curies":[{"name":"wp","href":"https:\/\/api.w.org\/{rel}","templated":true}]}}