{"id":85441,"date":"2015-10-29T15:16:17","date_gmt":"2015-10-29T18:16:17","guid":{"rendered":"http:\/\/senoticias.com.br\/se\/?p=85441"},"modified":"2015-10-31T10:28:41","modified_gmt":"2015-10-31T13:28:41","slug":"justica-federal-deve-julgar-publicacao-de-pornografia-infantil-na-web","status":"publish","type":"post","link":"https:\/\/senoticias.com.br\/se\/justica-federal-deve-julgar-publicacao-de-pornografia-infantil-na-web\/","title":{"rendered":"Justi\u00e7a Federal deve julgar publica\u00e7\u00e3o de pornografia infantil na web"},"content":{"rendered":"<div id=\"attachment_85442\" style=\"width: 310px\" class=\"wp-caption alignright\"><a href=\"http:\/\/senoticias.com.br\/se\/wp-content\/uploads\/2015\/10\/computer.jpg\"><img loading=\"lazy\" decoding=\"async\" aria-describedby=\"caption-attachment-85442\" class=\"size-medium wp-image-85442\" alt=\"Foto: Reprodu\u00e7\u00e3o \" src=\"http:\/\/senoticias.com.br\/se\/wp-content\/uploads\/2015\/10\/computer-300x202.jpg\" width=\"300\" height=\"202\" srcset=\"https:\/\/senoticias.com.br\/se\/wp-content\/uploads\/2015\/10\/computer-300x202.jpg 300w, https:\/\/senoticias.com.br\/se\/wp-content\/uploads\/2015\/10\/computer-1024x692.jpg 1024w, https:\/\/senoticias.com.br\/se\/wp-content\/uploads\/2015\/10\/computer-342x231.jpg 342w, https:\/\/senoticias.com.br\/se\/wp-content\/uploads\/2015\/10\/computer.jpg 1105w\" sizes=\"(max-width: 300px) 100vw, 300px\" \/><\/a><p id=\"caption-attachment-85442\" class=\"wp-caption-text\">Foto: Reprodu\u00e7\u00e3o<\/p><\/div>\n<p style=\"text-align: justify;\">O Supremo Tribunal Federal (STF) decidiu que cabe \u00e0 Justi\u00e7a Federal julgar a publica\u00e7\u00e3o na internet de conte\u00fado pornogr\u00e1fico envolvendo menores da idade. Por maioria de votos, os ministros entenderam que os crime n\u00e3o podem ser processados pela Justi\u00e7a Estadual, pelo fato de a disponibiliza\u00e7\u00e3o das imagens ocorrer de forma irrestrita na rede mundial de computadores, podendo ser acessada fora do pa\u00eds.<\/p>\n<p style=\"text-align: justify;\">O caso foi decidido em um recurso no qual um acusado de divulgar material pornogr\u00e1fico envolvendo menores de idade alegava que a compet\u00eancia para julgar seu processo \u00e9 da Justi\u00e7a Estadual. A defesa do investigado sustentou que seus atos n\u00e3o implicaram em acesso das imagens fora do pa\u00eds e que as fotos estavam em um site hospedado em servidor no Brasil. A decis\u00e3o do Supremo dever\u00e1 ser aplicada em 16 processos que estavam parados no Judici\u00e1rio e aguardavam o pronunciamento do tribunal.<\/p>\n<p style=\"text-align: justify;\"><em>Fonte: Ag\u00eancia Brasil<\/em><\/p>\n<p style=\"text-align: justify;\"><strong>Acompanhe o SE Not\u00edcias no <a href=\"https:\/\/twitter.com\/Senoticias\" target=\"_blank\">Twitter <\/a>e no <a href=\"https:\/\/www.facebook.com\/PortalSENoticias\/\" target=\"_blank\">Facebook<\/a><\/strong><\/p>\n","protected":false},"excerpt":{"rendered":"<p>O Supremo Tribunal Federal (STF) decidiu que cabe \u00e0 Justi\u00e7a Federal julgar a publica\u00e7\u00e3o na internet de conte\u00fado pornogr\u00e1fico envolvendo menores da idade. Por maioria de votos, os ministros entenderam que os crime n\u00e3o podem ser processados pela Justi\u00e7a Estadual, pelo fato de a disponibiliza\u00e7\u00e3o das imagens ocorrer de forma irrestrita na rede mundial de [&hellip;]<\/p>\n","protected":false},"author":1,"featured_media":85442,"comment_status":"closed","ping_status":"closed","sticky":false,"template":"","format":"standard","meta":{"footnotes":""},"categories":[310,6],"tags":[],"class_list":{"0":"post-85441","1":"post","2":"type-post","3":"status-publish","4":"format-standard","5":"has-post-thumbnail","7":"category-destaques-da-semana","8":"category-politica"},"_links":{"self":[{"href":"https:\/\/senoticias.com.br\/se\/wp-json\/wp\/v2\/posts\/85441"}],"collection":[{"href":"https:\/\/senoticias.com.br\/se\/wp-json\/wp\/v2\/posts"}],"about":[{"href":"https:\/\/senoticias.com.br\/se\/wp-json\/wp\/v2\/types\/post"}],"author":[{"embeddable":true,"href":"https:\/\/senoticias.com.br\/se\/wp-json\/wp\/v2\/users\/1"}],"replies":[{"embeddable":true,"href":"https:\/\/senoticias.com.br\/se\/wp-json\/wp\/v2\/comments?post=85441"}],"version-history":[{"count":0,"href":"https:\/\/senoticias.com.br\/se\/wp-json\/wp\/v2\/posts\/85441\/revisions"}],"wp:featuredmedia":[{"embeddable":true,"href":"https:\/\/senoticias.com.br\/se\/wp-json\/wp\/v2\/media\/85442"}],"wp:attachment":[{"href":"https:\/\/senoticias.com.br\/se\/wp-json\/wp\/v2\/media?parent=85441"}],"wp:term":[{"taxonomy":"category","embeddable":true,"href":"https:\/\/senoticias.com.br\/se\/wp-json\/wp\/v2\/categories?post=85441"},{"taxonomy":"post_tag","embeddable":true,"href":"https:\/\/senoticias.com.br\/se\/wp-json\/wp\/v2\/tags?post=85441"}],"curies":[{"name":"wp","href":"https:\/\/api.w.org\/{rel}","templated":true}]}}