{"id":85433,"date":"2015-10-29T14:31:46","date_gmt":"2015-10-29T17:31:46","guid":{"rendered":"http:\/\/senoticias.com.br\/se\/?p=85433"},"modified":"2015-10-31T10:13:00","modified_gmt":"2015-10-31T13:13:00","slug":"tribunal-de-justica-mantem-liminar-que-impede-executivo-de-utilizar-os-depositos-judiciais","status":"publish","type":"post","link":"https:\/\/senoticias.com.br\/se\/tribunal-de-justica-mantem-liminar-que-impede-executivo-de-utilizar-os-depositos-judiciais\/","title":{"rendered":"Tribunal de Justi\u00e7a mant\u00e9m liminar que impede Executivo de utilizar os Dep\u00f3sitos Judiciais"},"content":{"rendered":"<p style=\"text-align: justify;\"><a href=\"http:\/\/senoticias.com.br\/se\/wp-content\/uploads\/2015\/10\/2-grau.jpg\"><img loading=\"lazy\" decoding=\"async\" class=\"alignright size-full wp-image-85434\" alt=\"2 grau\" src=\"http:\/\/senoticias.com.br\/se\/wp-content\/uploads\/2015\/10\/2-grau.jpg\" width=\"400\" height=\"268\" srcset=\"https:\/\/senoticias.com.br\/se\/wp-content\/uploads\/2015\/10\/2-grau.jpg 400w, https:\/\/senoticias.com.br\/se\/wp-content\/uploads\/2015\/10\/2-grau-300x201.jpg 300w, https:\/\/senoticias.com.br\/se\/wp-content\/uploads\/2015\/10\/2-grau-342x229.jpg 342w\" sizes=\"(max-width: 400px) 100vw, 400px\" \/><\/a>Em decis\u00e3o proferida nos autos do pedido de Suspens\u00e3o de Liminar (Processo n\u00ba 201500126246), o Presidente do Tribunal de Justi\u00e7a de Sergipe, Des. Luiz Mendon\u00e7a, indeferiu o pedido do Governo do Estado e manteve a liminar que determina a suspens\u00e3o da utiliza\u00e7\u00e3o dos recursos oriundos dos dep\u00f3sitos judiciais pelo Executivo.<\/p>\n<p style=\"text-align: justify;\">Em suas raz\u00f5es, o magistrado registrou que a suspens\u00e3o de seguran\u00e7a ou da execu\u00e7\u00e3o de liminar \u00e9 medida excepcional e tem por finalidade \u201cevitar grave les\u00e3o \u00e0 ordem, \u00e0 sa\u00fade, \u00e0 seguran\u00e7a e \u00e0 economia p\u00fablicas\u201d. \u201cPor isso, este rem\u00e9dio tem como requisito essencial situa\u00e7\u00f5es excepcionais que coloquem em risco os bens jur\u00eddicos enumerados, sendo descabida, portanto, a an\u00e1lise do m\u00e9rito da a\u00e7\u00e3o principal. Certo \u00e9 que o Presidente do Tribunal n\u00e3o possui compet\u00eancia recursal para rever eventual desacerto da decis\u00e3o proferida pelos magistrados de 1\u00ba grau, cabendo, somente, suspender a liminar naquelas hip\u00f3teses em que o peticionante demonstra, de forma clara e inequ\u00edvoca, a presen\u00e7a dos requisitos legais alhures tracejados\u201d.<\/p>\n<p style=\"text-align: justify;\">O Des. Luiz Mendon\u00e7a destacou tamb\u00e9m que a quest\u00e3o apresentada j\u00e1 foi objeto de discuss\u00e3o na Corte, na sess\u00e3o Administrativa do dia 19\/08\/2015. \u201cNa ocasi\u00e3o, acompanhei a posi\u00e7\u00e3o esposada pelo ilustre Desembargador Dr. Cez\u00e1rio Siqueira Neto em sentido contr\u00e1rio \u00e0 utiliza\u00e7\u00e3o por parte do Poder Executivo dos valores correspondentes aos dep\u00f3sitos judiciais por diversos motivos: 1-O Tribunal n\u00e3o pode dispor sobre o que n\u00e3o \u00e9 seu, sendo mero deposit\u00e1rio dos valores que pertencem aos particulares que est\u00e3o litigando e que ficam sob a guarda do Judici\u00e1rio; 2-Se fosse poss\u00edvel a utiliza\u00e7\u00e3o de 70% dos valores dos dep\u00f3sitos judiciais, o pr\u00f3prio Tribunal j\u00e1 o teria feito; 3-A utiliza\u00e7\u00e3o dos aludidos valores \u00e9 um confisco de recursos particulares, trazendo-lhes o risco de futuramente ter que ingressar judicialmente para receb\u00ea-los. Ou seja, litigam-se com os particulares e acaba na fila dos precat\u00f3rios\u201d.<\/p>\n<p style=\"text-align: justify;\">O Presidente do TJSE ponderou que \u201cmuito embora entenda que o m\u00e9rito da presente suspens\u00e3o deva ser objeto de an\u00e1lise em eventual Agravo de Instrumento, pontuo que\u00a0 o Estado objetiva finalidade diversa ao que a Lei Federal n\u00ba 151\/2015 prop\u00f5e e, al\u00e9m disso, anexa documentos diversos dos exigidos pela mesma, ato que contraria recente medida liminar deferida pelo Conselho Nacional de Justi\u00e7a no Pedido de Provid\u00eancias n\u00ba 0005051-94.2015.2.00.0000\u201d.<\/p>\n<p style=\"text-align: justify;\">Ao final, o desembargador concluiu que \u201cdentro desta realidade jur\u00eddica, n\u00e3o vislumbro a exist\u00eancia dos requisitos autorizadores da medida pleiteada, o que imp\u00f5e, por conseguinte, o seu n\u00e3o acolhimento\u201d.<\/p>\n<p style=\"text-align: justify;\"><strong>Acompanhe o SE Not\u00edcias no\u00a0<a href=\"https:\/\/twitter.com\/Senoticias\" target=\"_blank\">Twitter\u00a0<\/a>e no\u00a0<a href=\"https:\/\/www.facebook.com\/PortalSENoticias\" target=\"_blank\">Facebook<\/a><\/strong><\/p>\n<p style=\"text-align: justify;\"><em><strong>Ascom\/TJSE<\/strong><\/em><\/p>\n","protected":false},"excerpt":{"rendered":"<p>Em decis\u00e3o proferida nos autos do pedido de Suspens\u00e3o de Liminar (Processo n\u00ba 201500126246), o Presidente do Tribunal de Justi\u00e7a de Sergipe, Des. Luiz Mendon\u00e7a, indeferiu o pedido do Governo do Estado e manteve a liminar que determina a suspens\u00e3o da utiliza\u00e7\u00e3o dos recursos oriundos dos dep\u00f3sitos judiciais pelo Executivo. Em suas raz\u00f5es, o magistrado [&hellip;]<\/p>\n","protected":false},"author":1,"featured_media":85434,"comment_status":"closed","ping_status":"closed","sticky":false,"template":"","format":"standard","meta":{"footnotes":""},"categories":[6],"tags":[],"class_list":{"0":"post-85433","1":"post","2":"type-post","3":"status-publish","4":"format-standard","5":"has-post-thumbnail","7":"category-politica"},"_links":{"self":[{"href":"https:\/\/senoticias.com.br\/se\/wp-json\/wp\/v2\/posts\/85433"}],"collection":[{"href":"https:\/\/senoticias.com.br\/se\/wp-json\/wp\/v2\/posts"}],"about":[{"href":"https:\/\/senoticias.com.br\/se\/wp-json\/wp\/v2\/types\/post"}],"author":[{"embeddable":true,"href":"https:\/\/senoticias.com.br\/se\/wp-json\/wp\/v2\/users\/1"}],"replies":[{"embeddable":true,"href":"https:\/\/senoticias.com.br\/se\/wp-json\/wp\/v2\/comments?post=85433"}],"version-history":[{"count":0,"href":"https:\/\/senoticias.com.br\/se\/wp-json\/wp\/v2\/posts\/85433\/revisions"}],"wp:featuredmedia":[{"embeddable":true,"href":"https:\/\/senoticias.com.br\/se\/wp-json\/wp\/v2\/media\/85434"}],"wp:attachment":[{"href":"https:\/\/senoticias.com.br\/se\/wp-json\/wp\/v2\/media?parent=85433"}],"wp:term":[{"taxonomy":"category","embeddable":true,"href":"https:\/\/senoticias.com.br\/se\/wp-json\/wp\/v2\/categories?post=85433"},{"taxonomy":"post_tag","embeddable":true,"href":"https:\/\/senoticias.com.br\/se\/wp-json\/wp\/v2\/tags?post=85433"}],"curies":[{"name":"wp","href":"https:\/\/api.w.org\/{rel}","templated":true}]}}