{"id":85431,"date":"2015-10-29T14:09:50","date_gmt":"2015-10-29T17:09:50","guid":{"rendered":"http:\/\/senoticias.com.br\/se\/?p=85431"},"modified":"2015-10-29T15:11:54","modified_gmt":"2015-10-29T18:11:54","slug":"confira-o-calendario-de-pagamento-do-salario-de-outubro-dos-servidores-do-estado","status":"publish","type":"post","link":"https:\/\/senoticias.com.br\/se\/confira-o-calendario-de-pagamento-do-salario-de-outubro-dos-servidores-do-estado\/","title":{"rendered":"Confira o calend\u00e1rio de pagamento do sal\u00e1rio de outubro dos servidores do Estado"},"content":{"rendered":"<p style=\"text-align: justify;\">O Governo de Sergipe inicia nesta sexta-feira, dia 30, o pagamento da folha salarial do funcionalismo estadual referente ao m\u00eas de outubro, sendo que os servidores lotados na Secretaria de Estado da Educa\u00e7\u00e3o ser\u00e3o os primeiros a receberem seus sal\u00e1rios em conta.<\/p>\n<div id=\"attachment_62611\" style=\"width: 515px\" class=\"wp-caption aligncenter\"><a href=\"http:\/\/senoticias.com.br\/se\/wp-content\/uploads\/2014\/04\/Notaimprensa3.jpg\"><img loading=\"lazy\" decoding=\"async\" aria-describedby=\"caption-attachment-62611\" class=\"size-full wp-image-62611\" alt=\" Parte dos servidores estaduais ter\u00e3o os sal\u00e1rios parcelados mais um vez\" src=\"http:\/\/senoticias.com.br\/se\/wp-content\/uploads\/2014\/04\/Notaimprensa3.jpg\" width=\"505\" height=\"301\" srcset=\"https:\/\/senoticias.com.br\/se\/wp-content\/uploads\/2014\/04\/Notaimprensa3.jpg 505w, https:\/\/senoticias.com.br\/se\/wp-content\/uploads\/2014\/04\/Notaimprensa3-300x178.jpg 300w, https:\/\/senoticias.com.br\/se\/wp-content\/uploads\/2014\/04\/Notaimprensa3-342x203.jpg 342w\" sizes=\"(max-width: 505px) 100vw, 505px\" \/><\/a><p id=\"caption-attachment-62611\" class=\"wp-caption-text\"><br \/>Parte dos servidores estaduais ter\u00e3o os sal\u00e1rios parcelados mais um vez<\/p><\/div>\n<p style=\"text-align: justify;\">No s\u00e1bado (31), tamb\u00e9m recebem integralmente,\u00a0aposentados, inativos e pensionistas do Sergipe Previd\u00eancia (Funprev), pens\u00f5es aliment\u00edcias, servidores lotados no Detran, Junta Comercial (Jucese), Adema, Segrase, Ipesa\u00fade.<\/p>\n<p style=\"text-align: justify;\">No mesmo dia (s\u00e1bado, 31),\u00a0secretaria de Sa\u00fade, Funda\u00e7\u00f5es de Sa\u00fade (FHS, FSPH e Funesa), Emdagro, Cehop, Codise, Cohidro, Emgetis, Emsetur, Pronese, ITPS, DER, Fapitec, Funda\u00e7\u00e3o Renascer, Fundap, pens\u00f5es especiais, inativos e pensionistas do Finanprev e demais servidores da administra\u00e7\u00e3o direta e indireta at\u00e9 o limite de R$ 1 mil<\/p>\n<p style=\"text-align: justify;\">O governo estima concluir a folha salarial do funcionalismo referente o m\u00eas de outubro at\u00e9 o dia 11 de novembro.<\/p>\n<p><strong>Acompanhe o SE Not\u00edcias no\u00a0<a href=\"https:\/\/twitter.com\/Senoticias\" target=\"_blank\">Twitter\u00a0<\/a>e no\u00a0<a href=\"https:\/\/www.facebook.com\/PortalSENoticias\" target=\"_blank\">Facebook<\/a><\/strong><\/p>\n<p><em><strong>Reda\u00e7\u00e3o SENot\u00edcias<\/strong><\/em><\/p>\n<p>&nbsp;<\/p>\n<p>&nbsp;<\/p>\n<p>&nbsp;<\/p>\n","protected":false},"excerpt":{"rendered":"<p>O Governo de Sergipe inicia nesta sexta-feira, dia 30, o pagamento da folha salarial do funcionalismo estadual referente ao m\u00eas de outubro, sendo que os servidores lotados na Secretaria de Estado da Educa\u00e7\u00e3o ser\u00e3o os primeiros a receberem seus sal\u00e1rios em conta. No s\u00e1bado (31), tamb\u00e9m recebem integralmente,\u00a0aposentados, inativos e pensionistas do Sergipe Previd\u00eancia (Funprev), [&hellip;]<\/p>\n","protected":false},"author":1,"featured_media":62611,"comment_status":"closed","ping_status":"closed","sticky":false,"template":"","format":"standard","meta":{"footnotes":""},"categories":[6,1],"tags":[],"class_list":{"0":"post-85431","1":"post","2":"type-post","3":"status-publish","4":"format-standard","5":"has-post-thumbnail","7":"category-politica","8":"category-sem-categoria"},"_links":{"self":[{"href":"https:\/\/senoticias.com.br\/se\/wp-json\/wp\/v2\/posts\/85431"}],"collection":[{"href":"https:\/\/senoticias.com.br\/se\/wp-json\/wp\/v2\/posts"}],"about":[{"href":"https:\/\/senoticias.com.br\/se\/wp-json\/wp\/v2\/types\/post"}],"author":[{"embeddable":true,"href":"https:\/\/senoticias.com.br\/se\/wp-json\/wp\/v2\/users\/1"}],"replies":[{"embeddable":true,"href":"https:\/\/senoticias.com.br\/se\/wp-json\/wp\/v2\/comments?post=85431"}],"version-history":[{"count":0,"href":"https:\/\/senoticias.com.br\/se\/wp-json\/wp\/v2\/posts\/85431\/revisions"}],"wp:featuredmedia":[{"embeddable":true,"href":"https:\/\/senoticias.com.br\/se\/wp-json\/wp\/v2\/media\/62611"}],"wp:attachment":[{"href":"https:\/\/senoticias.com.br\/se\/wp-json\/wp\/v2\/media?parent=85431"}],"wp:term":[{"taxonomy":"category","embeddable":true,"href":"https:\/\/senoticias.com.br\/se\/wp-json\/wp\/v2\/categories?post=85431"},{"taxonomy":"post_tag","embeddable":true,"href":"https:\/\/senoticias.com.br\/se\/wp-json\/wp\/v2\/tags?post=85431"}],"curies":[{"name":"wp","href":"https:\/\/api.w.org\/{rel}","templated":true}]}}