{"id":85428,"date":"2015-10-29T13:44:01","date_gmt":"2015-10-29T16:44:01","guid":{"rendered":"http:\/\/senoticias.com.br\/se\/?p=85428"},"modified":"2015-10-29T13:45:41","modified_gmt":"2015-10-29T16:45:41","slug":"policia-recaptura-11o-foragido-do-presidio-de-gloria-no-cidade-nova","status":"publish","type":"post","link":"https:\/\/senoticias.com.br\/se\/policia-recaptura-11o-foragido-do-presidio-de-gloria-no-cidade-nova\/","title":{"rendered":"Pol\u00edcia recaptura 11\u00ba foragido do Pres\u00eddio de Gl\u00f3ria no Cidade Nova"},"content":{"rendered":"<p style=\"text-align: justify;\">A Pol\u00edcia Civil, por meio da Coordenadoria da Pol\u00edcia Civil do Interior (Copci), prendeu na manh\u00e3 dessa quarta-feira, 28, Wesley Gomes da Silva, o 11\u00ba foragido do pres\u00eddio de Nossa Senhora de Gl\u00f3ria recapturado no bairro Cidade Nova, zona norte de Aracaju. O recapturado responde pelos crimes de homic\u00eddio e roubo.<\/p>\n<div id=\"attachment_85429\" style=\"width: 599px\" class=\"wp-caption aligncenter\"><a href=\"http:\/\/senoticias.com.br\/se\/wp-content\/uploads\/2015\/10\/11re.jpg\"><img loading=\"lazy\" decoding=\"async\" aria-describedby=\"caption-attachment-85429\" class=\"size-full wp-image-85429\" alt=\"Wesley Gomes da Silva, o 11\u00ba foragido do pres\u00eddio de Nossa Senhora de Gl\u00f3ria . (foto: SSP\/SE)\" src=\"http:\/\/senoticias.com.br\/se\/wp-content\/uploads\/2015\/10\/11re.jpg\" width=\"589\" height=\"380\" srcset=\"https:\/\/senoticias.com.br\/se\/wp-content\/uploads\/2015\/10\/11re.jpg 589w, https:\/\/senoticias.com.br\/se\/wp-content\/uploads\/2015\/10\/11re-300x193.jpg 300w, https:\/\/senoticias.com.br\/se\/wp-content\/uploads\/2015\/10\/11re-342x220.jpg 342w\" sizes=\"(max-width: 589px) 100vw, 589px\" \/><\/a><p id=\"caption-attachment-85429\" class=\"wp-caption-text\">Wesley Gomes da Silva, o 11\u00ba foragido do pres\u00eddio de Nossa Senhora de Gl\u00f3ria . (foto: SSP\/SE)<\/p><\/div>\n<p style=\"text-align: justify;\">De acordo com o coordenador operacional da Copci, delegado Dernival Eloi, os policiais receberam no mesmo dia, uma den\u00fancia, por meio do Disque Den\u00fancia 181, informando que Wesley estaria escondido em uma resid\u00eancia, no Cidade Nova. &#8220;A partir das informa\u00e7\u00f5es, acionamos \u00e0s equipes, que\u00a0seguiram em dire\u00e7\u00e3o ao im\u00f3vel, efetuando o cerco\u201d, disse o delegado de Pol\u00edcia.<\/p>\n<p style=\"text-align: justify;\"><strong>Recapturados<\/strong><\/p>\n<p style=\"text-align: justify;\">Wesley \u00e9 o 11\u00ba foragido recapturado. Al\u00e9m dele, Jhonathan\u00a0Rodrigo Santos Silva, 28, foi preso na cidade de Garanhus, em Pernambuco;\u00a0Diarlisson Santana dos Santos se apresentou na sala do Delegado-Geral da Pol\u00edcia Civil; Marcelo dos Santos, 20 anos, foi encontrado no bairro Queimadas, regi\u00e3o perif\u00e9rica de Itabaiana; Erick Ferreira, localizado no conjunto M\u00e9dici, zona sul de Aracaju; Ariel Moreira Bezerra, 20 anos, encontrado no bairro Santos Dumont, tamb\u00e9m em Aracaju; Jorge Valber Martiliano dos Santos, 27 anos, que se apresentou na Delegacia de Feira Nova (SE), Everton Justino Silva J\u00fanior, 26 anos, recapturado no povoado Junqueiro, em Nossa Senhora das Dores (SE); Josinaldo da Purifica\u00e7\u00e3o Santos, preso escondido no munic\u00edpio de Areia Branca; Rosival dos Santos Oliveira e Carisvaldo Ribeiro Ramos, presos na cidade baiana de Lauro de Freitas.<\/p>\n<p style=\"text-align: justify;\"><strong>Acompanhe o SE Not\u00edcias no\u00a0<a href=\"https:\/\/twitter.com\/Senoticias\" target=\"_blank\">Twitter\u00a0<\/a>e no\u00a0<a href=\"https:\/\/www.facebook.com\/PortalSENoticias\" target=\"_blank\">Facebook<\/a><\/strong><\/p>\n<p style=\"text-align: justify;\"><em><strong>Informa\u00e7\u00f5es da SSP\/SE<\/strong><\/em><\/p>\n","protected":false},"excerpt":{"rendered":"<p>A Pol\u00edcia Civil, por meio da Coordenadoria da Pol\u00edcia Civil do Interior (Copci), prendeu na manh\u00e3 dessa quarta-feira, 28, Wesley Gomes da Silva, o 11\u00ba foragido do pres\u00eddio de Nossa Senhora de Gl\u00f3ria recapturado no bairro Cidade Nova, zona norte de Aracaju. O recapturado responde pelos crimes de homic\u00eddio e roubo. De acordo com o [&hellip;]<\/p>\n","protected":false},"author":1,"featured_media":85429,"comment_status":"closed","ping_status":"closed","sticky":false,"template":"","format":"standard","meta":{"footnotes":""},"categories":[7,1],"tags":[],"class_list":{"0":"post-85428","1":"post","2":"type-post","3":"status-publish","4":"format-standard","5":"has-post-thumbnail","7":"category-policia","8":"category-sem-categoria"},"_links":{"self":[{"href":"https:\/\/senoticias.com.br\/se\/wp-json\/wp\/v2\/posts\/85428"}],"collection":[{"href":"https:\/\/senoticias.com.br\/se\/wp-json\/wp\/v2\/posts"}],"about":[{"href":"https:\/\/senoticias.com.br\/se\/wp-json\/wp\/v2\/types\/post"}],"author":[{"embeddable":true,"href":"https:\/\/senoticias.com.br\/se\/wp-json\/wp\/v2\/users\/1"}],"replies":[{"embeddable":true,"href":"https:\/\/senoticias.com.br\/se\/wp-json\/wp\/v2\/comments?post=85428"}],"version-history":[{"count":0,"href":"https:\/\/senoticias.com.br\/se\/wp-json\/wp\/v2\/posts\/85428\/revisions"}],"wp:featuredmedia":[{"embeddable":true,"href":"https:\/\/senoticias.com.br\/se\/wp-json\/wp\/v2\/media\/85429"}],"wp:attachment":[{"href":"https:\/\/senoticias.com.br\/se\/wp-json\/wp\/v2\/media?parent=85428"}],"wp:term":[{"taxonomy":"category","embeddable":true,"href":"https:\/\/senoticias.com.br\/se\/wp-json\/wp\/v2\/categories?post=85428"},{"taxonomy":"post_tag","embeddable":true,"href":"https:\/\/senoticias.com.br\/se\/wp-json\/wp\/v2\/tags?post=85428"}],"curies":[{"name":"wp","href":"https:\/\/api.w.org\/{rel}","templated":true}]}}