{"id":85234,"date":"2015-10-24T22:04:46","date_gmt":"2015-10-25T01:04:46","guid":{"rendered":"http:\/\/senoticias.com.br\/se\/?p=85234"},"modified":"2015-10-25T11:37:49","modified_gmt":"2015-10-25T14:37:49","slug":"confira-a-correcao-da-prova-do-1o-dia-do-enem-2015","status":"publish","type":"post","link":"https:\/\/senoticias.com.br\/se\/confira-a-correcao-da-prova-do-1o-dia-do-enem-2015\/","title":{"rendered":"Confira a corre\u00e7\u00e3o da prova do 1\u00ba dia do Enem 2015"},"content":{"rendered":"<p><em><strong>Do R7<\/strong><\/em><\/p>\n<div id=\"article_content\">\n<p style=\"text-align: justify;\">Cerca de 7,7 milh\u00f5es de candidatos se inscreveram para o Enem (Exame Nacional do Ensino M\u00e9dio) 2015, que acontece neste fim de semana, dias 24 e 25 de outubro. Na tabela abaixo, voc\u00ea pode ver a corre\u00e7\u00e3o da prova deste s\u00e1bado (24), comentada por 43 professores do Sistema COC de Ensino. A numera\u00e7\u00e3o das quest\u00f5es depende da cor de cada prova.<\/p>\n<p style=\"text-align: justify;\">No total, o exame tem quatro provas objetivas, com 45 quest\u00f5es de m\u00faltipla escolha cada, e uma reda\u00e7\u00e3o. Hoje, os candidatos responderam a quest\u00f5es sobre ci\u00eancias humanas e suas tecnologias e ci\u00eancias da natureza e suas tecnologias.<\/p>\n<p style=\"text-align: justify;\">Confira:<\/p>\n<p style=\"text-align: justify;\"><a href=\"http:\/\/senoticias.com.br\/se\/wp-content\/uploads\/2015\/10\/Enem-fase-e1445735064903.png\"><img loading=\"lazy\" decoding=\"async\" class=\"aligncenter size-full wp-image-85235\" alt=\"Enem fase\" src=\"http:\/\/senoticias.com.br\/se\/wp-content\/uploads\/2015\/10\/Enem-fase-e1445735064903.png\" width=\"598\" height=\"350\" \/><\/a><\/p>\n<p style=\"text-align: justify;\">\n<\/div>\n","protected":false},"excerpt":{"rendered":"<p>Do R7 Cerca de 7,7 milh\u00f5es de candidatos se inscreveram para o Enem (Exame Nacional do Ensino M\u00e9dio) 2015, que acontece neste fim de semana, dias 24 e 25 de outubro. Na tabela abaixo, voc\u00ea pode ver a corre\u00e7\u00e3o da prova deste s\u00e1bado (24), comentada por 43 professores do Sistema COC de Ensino. A numera\u00e7\u00e3o [&hellip;]<\/p>\n","protected":false},"author":3,"featured_media":85235,"comment_status":"closed","ping_status":"closed","sticky":false,"template":"","format":"standard","meta":{"footnotes":""},"categories":[26],"tags":[],"class_list":{"0":"post-85234","1":"post","2":"type-post","3":"status-publish","4":"format-standard","5":"has-post-thumbnail","7":"category-esportes"},"_links":{"self":[{"href":"https:\/\/senoticias.com.br\/se\/wp-json\/wp\/v2\/posts\/85234"}],"collection":[{"href":"https:\/\/senoticias.com.br\/se\/wp-json\/wp\/v2\/posts"}],"about":[{"href":"https:\/\/senoticias.com.br\/se\/wp-json\/wp\/v2\/types\/post"}],"author":[{"embeddable":true,"href":"https:\/\/senoticias.com.br\/se\/wp-json\/wp\/v2\/users\/3"}],"replies":[{"embeddable":true,"href":"https:\/\/senoticias.com.br\/se\/wp-json\/wp\/v2\/comments?post=85234"}],"version-history":[{"count":0,"href":"https:\/\/senoticias.com.br\/se\/wp-json\/wp\/v2\/posts\/85234\/revisions"}],"wp:featuredmedia":[{"embeddable":true,"href":"https:\/\/senoticias.com.br\/se\/wp-json\/wp\/v2\/media\/85235"}],"wp:attachment":[{"href":"https:\/\/senoticias.com.br\/se\/wp-json\/wp\/v2\/media?parent=85234"}],"wp:term":[{"taxonomy":"category","embeddable":true,"href":"https:\/\/senoticias.com.br\/se\/wp-json\/wp\/v2\/categories?post=85234"},{"taxonomy":"post_tag","embeddable":true,"href":"https:\/\/senoticias.com.br\/se\/wp-json\/wp\/v2\/tags?post=85234"}],"curies":[{"name":"wp","href":"https:\/\/api.w.org\/{rel}","templated":true}]}}