{"id":85231,"date":"2015-10-24T15:19:22","date_gmt":"2015-10-24T18:19:22","guid":{"rendered":"http:\/\/senoticias.com.br\/se\/?p=85231"},"modified":"2015-10-26T15:25:30","modified_gmt":"2015-10-26T18:25:30","slug":"assedio-a-criancas-na-web-deve-ser-denunciado-saiba-como","status":"publish","type":"post","link":"https:\/\/senoticias.com.br\/se\/assedio-a-criancas-na-web-deve-ser-denunciado-saiba-como\/","title":{"rendered":"Ass\u00e9dio a crian\u00e7as na web deve ser denunciado; saiba como"},"content":{"rendered":"<div style=\"text-align: justify;\" align=\"justify\"><\/div>\n<div align=\"justify\">\n<div id=\"block-system-main\">\n<div style=\"text-align: justify;\"><\/div>\n<div>\n<div style=\"text-align: justify;\">\n<div>\n<div><span style=\"font-family: Arial;\"><span style=\"font-size: small;\"><strong>Do Portal EBC<\/strong><\/span><\/span><\/div>\n<\/div>\n<\/div>\n<div>\n<p style=\"text-align: justify;\"><span style=\"font-family: Arial; font-size: small;\">Coment\u00e1rios em redes sociais a respeito de uma crian\u00e7a de 12 anos, participante do programa Masterchef Junior, trouxeram \u00e0 tona nesta semana, o debate sobre o ass\u00e9dio a meninas.<\/span><\/p>\n<p style=\"text-align: justify;\"><span style=\"font-family: Arial; font-size: small;\">Usu\u00e1rios do Twitter postaram mensagens que incitavam a viol\u00eancia sexual contra a participante-mirim do programa de culin\u00e1ria. O debate cresceu nas redes sociais e o projeto Think Olga criou uma campanha, com a<em>hashtag<\/em>\u00a0#primeiroass\u00e9dio, para que mulheres narrem a primeira experi\u00eancia de viol\u00eancia e, dessa forma, mostrem que o problema \u00e9 bastante comum.\u00a0<\/span><\/p>\n<div id=\"attachment_85233\" style=\"width: 608px\" class=\"wp-caption aligncenter\"><a href=\"http:\/\/senoticias.com.br\/se\/wp-content\/uploads\/2015\/10\/content_CHAT-14-e1445710949279.jpg\"><img loading=\"lazy\" decoding=\"async\" aria-describedby=\"caption-attachment-85233\" class=\"size-full wp-image-85233\" alt=\"Vulneabilidade de crian\u00e7as e adolescentes frente ao computador. Foto: Jo\u00e3o Alberto \/ O Olho\" src=\"http:\/\/senoticias.com.br\/se\/wp-content\/uploads\/2015\/10\/content_CHAT-14-e1445710949279.jpg\" width=\"598\" height=\"398\" \/><\/a><p id=\"caption-attachment-85233\" class=\"wp-caption-text\">Vulneabilidade de crian\u00e7as e adolescentes frente ao computador. Foto: Jo\u00e3o Alberto \/ O Olho<\/p><\/div>\n<p style=\"text-align: justify;\"><span style=\"font-family: Arial; font-size: small;\">A procuradora da Rep\u00fablica Priscila Costa Schreiner, coordenadora do Grupo de Combate aos Crimes Cibern\u00e9ticos do Minist\u00e9rio P\u00fablico Federal (MPF) paulista, entende que \u00e9 necess\u00e1rio estimular as den\u00fancias sobre ass\u00e9dio e apologia de viol\u00eancia contra crian\u00e7as pela internet.<\/span><\/p>\n<p style=\"text-align: justify;\"><span style=\"font-family: Arial; font-size: small;\">A fam\u00edlia deve preservar as provas, fotografar ou imprimir a p\u00e1gina e denunciar atitudes como essa. Isso ajuda na investiga\u00e7\u00e3o, recomenda a procuradora da rep\u00fablica Priscila Costa Schreiner.<\/span><\/p>\n<p style=\"text-align: justify;\"><span style=\"font-family: Arial; font-size: small;\">Segundo Schreiner, a tend\u00eancia \u00e9 que a fam\u00edlia envolvida prefira deletar imediatamente as publica\u00e7\u00f5es, antes de encaminhar a den\u00fancia ao Minist\u00e9rio P\u00fablico Federal. Contudo, os procuradores recomendam sobre a necessidade de colher as provas e qualquer ind\u00edcio que possa ser visto como crime.<\/span><\/p>\n<p style=\"text-align: justify;\"><span style=\"font-family: Arial; font-size: small;\">As pessoas t\u00eam liberdade de express\u00e3o, mas isso tem limite, diz Priscila. Ela explica que, assim que uma den\u00fancia chega ao MPF, o material \u00e9 distribu\u00eddo entre os procuradores. Todos os casos s\u00e3o analisados pelo contexto das mensagens. A procuradora salienta que a incita\u00e7\u00e3o a abuso sexual de crian\u00e7as pode ser entendida como apologia ao crime, den\u00fancia que \u00e9 encaminhada para a Justi\u00e7a estadual.<\/span><\/p>\n<p style=\"text-align: justify;\"><span style=\"font-family: Arial; font-size: small;\">De acordo com a assessoria do Minist\u00e9rio P\u00fablico de S\u00e3o Paulo, um procurador regional foi destacado para analisar diferentes den\u00fancias que chegaram at\u00e9 o final da tarde desta quinta-feira \u00e0 procuradoria relacionadas ao caso da participante do programa Masterchef Junior.<\/span><\/p>\n<p style=\"text-align: justify;\"><strong><span style=\"font-family: Arial; font-size: small;\">Internet n\u00e3o \u00e9 terra sem lei<\/span><\/strong><\/p>\n<p style=\"text-align: justify;\"><span style=\"font-family: Arial; font-size: small;\">O diretor de educa\u00e7\u00e3o da ONG Safernet, o psic\u00f3logo Rodrigo Nejm, considera muito graves os coment\u00e1rios a respeito da garota de 12 anos.\u00a0Esses discursos agressivos que fazem apologia a sexo e\u00a0 \u00e0 viol\u00eancia contra crian\u00e7as s\u00e3o reflexos de uma cultura do estupro e do machismo.<\/span><\/p>\n<p style=\"text-align: justify;\"><span style=\"font-family: Arial; font-size: small;\">Nejm conta que a Safernet tem um canal de den\u00fancias an\u00f4nimas que s\u00e3o encaminhadas \u00e0 Pol\u00edcia Federal e ao Minist\u00e9rio P\u00fablico Federal.\u00a0 \u00c9 importante deixar claro que, na internet, as leis valem da mesma forma, ressalta. Ele acrescenta que devem ser repudiadas mensagens que tratam sobre alega\u00e7\u00e3o de consenso, com rela\u00e7\u00e3o a menores de idade, na rela\u00e7\u00e3o sexual. Isso \u00e9 considerado abuso de vulner\u00e1vel. \u00c9 crime tamb\u00e9m a conversa de teor sexual com crian\u00e7as e adolescentes.<\/span><\/p>\n<p style=\"text-align: justify;\"><span style=\"font-family: Arial; font-size: small;\">O artigo 241 do Estatuto da Crian\u00e7a e do Adolescente (ECA) prev\u00ea as situa\u00e7\u00f5es de crimes, que incluem a posse e a distribui\u00e7\u00e3o de imagens de crian\u00e7as com teor sexual. O psic\u00f3logo recomenda que ningu\u00e9m compartilhe mensagens como essas, mesmo que seja para repudiar ou denunciar. Essas pessoas que publicam mensagens ofensivas querem, na verdade, audi\u00eancia a esses discursos. \u00c9 importante n\u00e3o dar essa audi\u00eancia.<\/span><\/p>\n<p style=\"text-align: justify;\"><strong><span style=\"font-family: Arial; font-size: small;\">Saiba onde denunciar crimes cibern\u00e9ticos<\/span><\/strong><\/p>\n<p style=\"text-align: justify;\"><strong><a href=\"http:\/\/new.safernet.org.br\/denuncie\" target=\"_blank\"><span style=\"font-family: Arial; font-size: small;\">Site da Safernet<\/span><\/a><span style=\"font-family: Arial; font-size: small;\">:\u00a0<\/span><\/strong><span style=\"font-family: Arial; font-size: small;\">mantido pela equipe da Safernet, o<em>\u00a0site<\/em>\u00a0recolhe den\u00fancias an\u00f4nimas relacionadas a crimes de pornografia infantil, racismo, apologia e incita\u00e7\u00e3o a crimes contra a vida, entre outros.<\/span><\/p>\n<p style=\"text-align: justify;\"><strong><a href=\"http:\/\/aplicativos.pgr.mpf.mp.br\/ouvidoria\/portal\/index.html\" target=\"_blank\"><span style=\"font-family: Arial; font-size: small;\">Canal do Cidad\u00e3o do MPF<\/span><\/a><span style=\"font-family: Arial; font-size: small;\">:<\/span><\/strong><span style=\"font-family: Arial; font-size: small;\">\u00a0 O Minist\u00e9rio P\u00fablico Federal recebe den\u00fancias de diferentes tipos. A pessoa pode optar por manter os seus dados sigilosos ou n\u00e3o. A Procuradoria-Geral da Rep\u00fablica recomenda aos cidad\u00e3os apresentarem o maior n\u00famero de provas para que o processo possa ter mais agilidade.<\/span><\/p>\n<p style=\"text-align: justify;\"><strong><a href=\"http:\/\/www.sdh.gov.br\/disque-direitos-humanos\/disque-direitos-humanos\" target=\"_blank\"><span style=\"font-family: Arial; font-size: small;\">Disque 100<\/span><\/a><span style=\"font-family: Arial; font-size: small;\">:\u00a0<\/span><\/strong><span style=\"font-family: Arial; font-size: small;\">\u00a0Outro canal para realizar den\u00fancias de casos de abuso ou viol\u00eancia sexual \u00e9 o Disque 100, servi\u00e7o coordenado pelo Minist\u00e9rio das Mulheres, Igualdade Racial e Direitos Humanos. O Disque 100 funciona 24 horas por dia, as liga\u00e7\u00f5es s\u00e3o gratuitas e podem ser feitas de qualquer local no Brasil. A den\u00fancia \u00e9 an\u00f4nima e as demandas s\u00e3o encaminhas para as autoridades competentes.<\/span><\/p>\n<p><span style=\"font-family: Arial; font-size: small;\">\u00a0<\/span><strong><span style=\"font-family: Arial; font-size: small;\">Dicas aos se deparar com um crime cibern\u00e9tico<\/span><\/strong><\/p>\n<p><span style=\"font-family: Arial; font-size: small;\">1) Guarde todas as provas e ind\u00edcios poss\u00edveis<\/span><\/p>\n<p><span style=\"font-family: Arial; font-size: small;\">2) Tire fotos das den\u00fancias, print screen e imprima o material<\/span><\/p>\n<p><span style=\"font-family: Arial; font-size: small;\">3) Registre as den\u00fancias com o maior n\u00famero de detalhes<\/span><\/p>\n<p><span style=\"font-family: Arial; font-size: small;\">4) N\u00e3o compartilhe ou replique coment\u00e1rios ofensivos ou que incitem ao crime<\/span><\/p>\n<p><span style=\"font-family: Arial; font-size: small;\">5) Crie uma rede de prote\u00e7\u00e3o \u00e0s crian\u00e7as v\u00edtimas de ass\u00e9dio, n\u00e3o permitindo que ela fique exposta aos coment\u00e1rios ofensivos nas redes sociais<\/span><\/p>\n<p>Acompanhe o SE Not\u00edcias no\u00a0<a href=\"https:\/\/twitter.com\/Senoticias\" target=\"_blank\">Twitter\u00a0<\/a>e no\u00a0<a href=\"https:\/\/www.facebook.com\/PortalSENoticias\" target=\"_blank\">Facebook<\/a><\/p>\n<\/div>\n<\/div>\n<\/div>\n<\/div>\n","protected":false},"excerpt":{"rendered":"<p>Do Portal EBC Coment\u00e1rios em redes sociais a respeito de uma crian\u00e7a de 12 anos, participante do programa Masterchef Junior, trouxeram \u00e0 tona nesta semana, o debate sobre o ass\u00e9dio a meninas. Usu\u00e1rios do Twitter postaram mensagens que incitavam a viol\u00eancia sexual contra a participante-mirim do programa de culin\u00e1ria. O debate cresceu nas redes sociais [&hellip;]<\/p>\n","protected":false},"author":2,"featured_media":85233,"comment_status":"closed","ping_status":"closed","sticky":false,"template":"","format":"standard","meta":{"footnotes":""},"categories":[310,6],"tags":[],"class_list":{"0":"post-85231","1":"post","2":"type-post","3":"status-publish","4":"format-standard","5":"has-post-thumbnail","7":"category-destaques-da-semana","8":"category-politica"},"_links":{"self":[{"href":"https:\/\/senoticias.com.br\/se\/wp-json\/wp\/v2\/posts\/85231"}],"collection":[{"href":"https:\/\/senoticias.com.br\/se\/wp-json\/wp\/v2\/posts"}],"about":[{"href":"https:\/\/senoticias.com.br\/se\/wp-json\/wp\/v2\/types\/post"}],"author":[{"embeddable":true,"href":"https:\/\/senoticias.com.br\/se\/wp-json\/wp\/v2\/users\/2"}],"replies":[{"embeddable":true,"href":"https:\/\/senoticias.com.br\/se\/wp-json\/wp\/v2\/comments?post=85231"}],"version-history":[{"count":0,"href":"https:\/\/senoticias.com.br\/se\/wp-json\/wp\/v2\/posts\/85231\/revisions"}],"wp:featuredmedia":[{"embeddable":true,"href":"https:\/\/senoticias.com.br\/se\/wp-json\/wp\/v2\/media\/85233"}],"wp:attachment":[{"href":"https:\/\/senoticias.com.br\/se\/wp-json\/wp\/v2\/media?parent=85231"}],"wp:term":[{"taxonomy":"category","embeddable":true,"href":"https:\/\/senoticias.com.br\/se\/wp-json\/wp\/v2\/categories?post=85231"},{"taxonomy":"post_tag","embeddable":true,"href":"https:\/\/senoticias.com.br\/se\/wp-json\/wp\/v2\/tags?post=85231"}],"curies":[{"name":"wp","href":"https:\/\/api.w.org\/{rel}","templated":true}]}}