{"id":85229,"date":"2015-10-24T13:49:14","date_gmt":"2015-10-24T16:49:14","guid":{"rendered":"http:\/\/senoticias.com.br\/se\/?p=85229"},"modified":"2015-10-24T13:52:34","modified_gmt":"2015-10-24T16:52:34","slug":"mais-de-110-mil-candidatos-vao-fazer-o-enem-em-sergipe","status":"publish","type":"post","link":"https:\/\/senoticias.com.br\/se\/mais-de-110-mil-candidatos-vao-fazer-o-enem-em-sergipe\/","title":{"rendered":"Mais de 110 mil candidatos v\u00e3o fazer o Enem em Sergipe"},"content":{"rendered":"<div id=\"attachment_79690\" style=\"width: 310px\" class=\"wp-caption alignright\"><a href=\"http:\/\/senoticias.com.br\/se\/wp-content\/uploads\/2015\/05\/enem-logo-6.jpg\"><img loading=\"lazy\" decoding=\"async\" aria-describedby=\"caption-attachment-79690\" class=\"size-medium wp-image-79690\" alt=\"Tempo de prova deste s\u00e1bado (24) ser\u00e1 de quatro horas e meia.. (Foto: Divulga\u00e7\u00e3o) \" src=\"http:\/\/senoticias.com.br\/se\/wp-content\/uploads\/2015\/05\/enem-logo-6-300x192.jpg\" width=\"300\" height=\"192\" srcset=\"https:\/\/senoticias.com.br\/se\/wp-content\/uploads\/2015\/05\/enem-logo-6-300x192.jpg 300w, https:\/\/senoticias.com.br\/se\/wp-content\/uploads\/2015\/05\/enem-logo-6-342x219.jpg 342w, https:\/\/senoticias.com.br\/se\/wp-content\/uploads\/2015\/05\/enem-logo-6.jpg 700w\" sizes=\"(max-width: 300px) 100vw, 300px\" \/><\/a><p id=\"caption-attachment-79690\" class=\"wp-caption-text\">Tempo de prova deste s\u00e1bado (24) ser\u00e1 de quatro horas e meia.. (Foto: Divulga\u00e7\u00e3o)<\/p><\/div>\n<p style=\"text-align: justify;\">Em Sergipe, 110.590 mil estudantes v\u00e3o participar do Exame Nacional do Ensino M\u00e9dio (Enem), de acordo com o Instituto Nacional de Estudos e Pesquisas Educacionais An\u00edsio Teixeira (Inep). As provas ser\u00e3o aplicadas neste s\u00e1bado (24) e no domingo (25). No ano passado esse n\u00famero foi de 124 mil.\u00a0<a href=\"http:\/\/g1.globo.com\/se\/sergipe\/noticia\/2015\/10\/inep-aponta-perfil-dos-candidatos-de-sergipe-inscritos-no-enem-2015.html\">Confira aqui<\/a>\u00a0o perfil dos candidatos do estado.<\/p>\n<p style=\"text-align: justify;\">As provas come\u00e7am \u00e0s 12h30 (hor\u00e1rio local), mas os port\u00f5es fecham meio dia. Nas provas de hoje ser\u00e3o respondidas 45 quest\u00f5es sobre Ci\u00eancias Humanas e 45 quest\u00f5es de Ci\u00eancia da Natureza. Com o tempo de prova de 4h30.<\/p>\n<p>Amanh\u00e3 os alunos respondem 45 quest\u00f5es de linguagens e c\u00f3digos, 45 de matem\u00e1tica e reda\u00e7\u00e3o.\u00a0 O tempo de dura\u00e7\u00e3o da prova \u00e9 de 5h30. E os alunos devem chegar ao local da prova no mesmo hor\u00e1rio.<\/p>\n<p><strong>Acompanhe o SE Not\u00edcias no\u00a0<a href=\"https:\/\/twitter.com\/Senoticias\" target=\"_blank\">Twitter\u00a0<\/a>e no\u00a0<a href=\"https:\/\/www.facebook.com\/PortalSENoticias\" target=\"_blank\">Facebook<\/a><\/strong><\/p>\n<p><em><strong>Informa\u00e7\u00f5es da G1 SE<\/strong><\/em><\/p>\n","protected":false},"excerpt":{"rendered":"<p>Em Sergipe, 110.590 mil estudantes v\u00e3o participar do Exame Nacional do Ensino M\u00e9dio (Enem), de acordo com o Instituto Nacional de Estudos e Pesquisas Educacionais An\u00edsio Teixeira (Inep). As provas ser\u00e3o aplicadas neste s\u00e1bado (24) e no domingo (25). No ano passado esse n\u00famero foi de 124 mil.\u00a0Confira aqui\u00a0o perfil dos candidatos do estado. As [&hellip;]<\/p>\n","protected":false},"author":1,"featured_media":79690,"comment_status":"closed","ping_status":"closed","sticky":false,"template":"","format":"standard","meta":{"footnotes":""},"categories":[26,1],"tags":[],"class_list":{"0":"post-85229","1":"post","2":"type-post","3":"status-publish","4":"format-standard","5":"has-post-thumbnail","7":"category-esportes","8":"category-sem-categoria"},"_links":{"self":[{"href":"https:\/\/senoticias.com.br\/se\/wp-json\/wp\/v2\/posts\/85229"}],"collection":[{"href":"https:\/\/senoticias.com.br\/se\/wp-json\/wp\/v2\/posts"}],"about":[{"href":"https:\/\/senoticias.com.br\/se\/wp-json\/wp\/v2\/types\/post"}],"author":[{"embeddable":true,"href":"https:\/\/senoticias.com.br\/se\/wp-json\/wp\/v2\/users\/1"}],"replies":[{"embeddable":true,"href":"https:\/\/senoticias.com.br\/se\/wp-json\/wp\/v2\/comments?post=85229"}],"version-history":[{"count":0,"href":"https:\/\/senoticias.com.br\/se\/wp-json\/wp\/v2\/posts\/85229\/revisions"}],"wp:featuredmedia":[{"embeddable":true,"href":"https:\/\/senoticias.com.br\/se\/wp-json\/wp\/v2\/media\/79690"}],"wp:attachment":[{"href":"https:\/\/senoticias.com.br\/se\/wp-json\/wp\/v2\/media?parent=85229"}],"wp:term":[{"taxonomy":"category","embeddable":true,"href":"https:\/\/senoticias.com.br\/se\/wp-json\/wp\/v2\/categories?post=85229"},{"taxonomy":"post_tag","embeddable":true,"href":"https:\/\/senoticias.com.br\/se\/wp-json\/wp\/v2\/tags?post=85229"}],"curies":[{"name":"wp","href":"https:\/\/api.w.org\/{rel}","templated":true}]}}