{"id":85225,"date":"2015-10-24T12:45:52","date_gmt":"2015-10-24T15:45:52","guid":{"rendered":"http:\/\/senoticias.com.br\/se\/?p=85225"},"modified":"2015-10-26T12:18:12","modified_gmt":"2015-10-26T15:18:12","slug":"quadrilha-rouba-veiculos-em-aracaju-e-e-presa-pela-prf","status":"publish","type":"post","link":"https:\/\/senoticias.com.br\/se\/quadrilha-rouba-veiculos-em-aracaju-e-e-presa-pela-prf\/","title":{"rendered":"Quadrilha rouba ve\u00edculos em Aracaju e \u00e9 presa pela PRF na sa\u00edda da cidade"},"content":{"rendered":"<p style=\"text-align: justify;\">Policiais Rodovi\u00e1rios Federais prenderam no final da noite de ontem (23), quatro indiv\u00edduos pela pr\u00e1tica de assalto e roubo de ve\u00edculos. A a\u00e7\u00e3o aconteceu no Km 5 da BR 235, na Unidade Operacional da PRF em Nossa Senhora do Socorro\/SE.<\/p>\n<div id=\"attachment_85226\" style=\"width: 608px\" class=\"wp-caption aligncenter\"><a href=\"http:\/\/senoticias.com.br\/se\/wp-content\/uploads\/2015\/10\/prf-e1445701657830.jpg\"><img loading=\"lazy\" decoding=\"async\" aria-describedby=\"caption-attachment-85226\" class=\"size-full wp-image-85226\" alt=\"Os quatro assaltantes foram detidos e encaminhados \u00e0 delegacia plantonista, na capital. (Foto; PRF\/SE)\" src=\"http:\/\/senoticias.com.br\/se\/wp-content\/uploads\/2015\/10\/prf-e1445701657830.jpg\" width=\"598\" height=\"449\" \/><\/a><p id=\"caption-attachment-85226\" class=\"wp-caption-text\">Os quatro assaltantes foram detidos e encaminhados \u00e0 delegacia plantonista, na capital. (Foto; PRF\/SE)<\/p><\/div>\n<p style=\"text-align: justify;\">Por volta das 21h, o \u2018disque den\u00fancia\u2019 do \u00f3rg\u00e3o recebeu a informa\u00e7\u00e3o de que quatro indiv\u00edduos armados assaltaram dois ve\u00edculos e obrigaram os ocupantes a descerem nas proximidades da ponte Godofredo Diniz, entre os bairros 13 de Julho e Coroa do Meio. Imediatamente, os agentes federais montaram uma barreira na sa\u00edda da capital, quando \u00e0s 22h30 um dos ve\u00edculos, o Fiat\/Siena, placa\u00a0 NZX 2459, de cor prata, desobedeceu a ordem de parada e empreendeu fuga. Houve acompanhamento t\u00e1tico e no Km 94 da BR 101, em S\u00e3o Crist\u00f3v\u00e3o\/SE, o condutor perdeu o controle do ve\u00edculo e foi alcan\u00e7ado.<\/p>\n<div id=\"attachment_85228\" style=\"width: 608px\" class=\"wp-caption aligncenter\"><a href=\"http:\/\/senoticias.com.br\/se\/wp-content\/uploads\/2015\/10\/prf2-e1445701840289.jpg\"><img loading=\"lazy\" decoding=\"async\" aria-describedby=\"caption-attachment-85228\" class=\"size-full wp-image-85228\" alt=\"Fiat\/Siena, placa  NZX 2459. (Foto: PRF\/SE)\" src=\"http:\/\/senoticias.com.br\/se\/wp-content\/uploads\/2015\/10\/prf2-e1445701840289.jpg\" width=\"598\" height=\"449\" \/><\/a><p id=\"caption-attachment-85228\" class=\"wp-caption-text\">Fiat\/Siena, placa NZX 2459. (Foto: PRF\/SE)<\/p><\/div>\n<p style=\"text-align: justify;\">Durante a abordagem foram encontrados com os quatro ocupantes diversos aparelhos celulares, R$ 164,00 distribu\u00eddos entre eles, alian\u00e7as, rel\u00f3gios, carteiras, uma pequena quantidade de maconha, balaclavas, um rev\u00f3lver e seis muni\u00e7\u00f5es. Os assaltantes disseram aos policiais que roubaram dois ve\u00edculos e foram praticar assaltos em diversos bairros da capital e que o outro ve\u00edculo, o Ford\/Fiesta, placa HZX 1228, de cor prata, fora abandonado na proximidades do conjunto Santa L\u00facia, em Aracaju. Os policiais foram at\u00e9 o local e tamb\u00e9m recuperam o autom\u00f3vel.<\/p>\n<p>\u00a0<strong>Acompanhe o SE Not\u00edcias no\u00a0<a href=\"https:\/\/twitter.com\/Senoticias\" target=\"_blank\">Twitter\u00a0<\/a>e no\u00a0<a href=\"https:\/\/www.facebook.com\/PortalSENoticias\" target=\"_blank\">Facebook<\/a><\/strong><\/p>\n<p>&nbsp;<\/p>\n<p><em><strong>N\u00facleo de Comunica\u00e7\u00e3o Social<\/strong><\/em><br \/>\n<em><strong>Pol\u00edcia Rodovi\u00e1ria Federal \u2013 Sergipe<\/strong><\/em><\/p>\n","protected":false},"excerpt":{"rendered":"<p>Policiais Rodovi\u00e1rios Federais prenderam no final da noite de ontem (23), quatro indiv\u00edduos pela pr\u00e1tica de assalto e roubo de ve\u00edculos. A a\u00e7\u00e3o aconteceu no Km 5 da BR 235, na Unidade Operacional da PRF em Nossa Senhora do Socorro\/SE. Por volta das 21h, o \u2018disque den\u00fancia\u2019 do \u00f3rg\u00e3o recebeu a informa\u00e7\u00e3o de que quatro [&hellip;]<\/p>\n","protected":false},"author":1,"featured_media":85226,"comment_status":"closed","ping_status":"closed","sticky":false,"template":"","format":"standard","meta":{"footnotes":""},"categories":[7],"tags":[],"class_list":{"0":"post-85225","1":"post","2":"type-post","3":"status-publish","4":"format-standard","5":"has-post-thumbnail","7":"category-policia"},"_links":{"self":[{"href":"https:\/\/senoticias.com.br\/se\/wp-json\/wp\/v2\/posts\/85225"}],"collection":[{"href":"https:\/\/senoticias.com.br\/se\/wp-json\/wp\/v2\/posts"}],"about":[{"href":"https:\/\/senoticias.com.br\/se\/wp-json\/wp\/v2\/types\/post"}],"author":[{"embeddable":true,"href":"https:\/\/senoticias.com.br\/se\/wp-json\/wp\/v2\/users\/1"}],"replies":[{"embeddable":true,"href":"https:\/\/senoticias.com.br\/se\/wp-json\/wp\/v2\/comments?post=85225"}],"version-history":[{"count":0,"href":"https:\/\/senoticias.com.br\/se\/wp-json\/wp\/v2\/posts\/85225\/revisions"}],"wp:featuredmedia":[{"embeddable":true,"href":"https:\/\/senoticias.com.br\/se\/wp-json\/wp\/v2\/media\/85226"}],"wp:attachment":[{"href":"https:\/\/senoticias.com.br\/se\/wp-json\/wp\/v2\/media?parent=85225"}],"wp:term":[{"taxonomy":"category","embeddable":true,"href":"https:\/\/senoticias.com.br\/se\/wp-json\/wp\/v2\/categories?post=85225"},{"taxonomy":"post_tag","embeddable":true,"href":"https:\/\/senoticias.com.br\/se\/wp-json\/wp\/v2\/tags?post=85225"}],"curies":[{"name":"wp","href":"https:\/\/api.w.org\/{rel}","templated":true}]}}