{"id":85223,"date":"2015-10-23T19:59:37","date_gmt":"2015-10-23T22:59:37","guid":{"rendered":"http:\/\/senoticias.com.br\/se\/?p=85223"},"modified":"2015-10-24T20:54:36","modified_gmt":"2015-10-24T23:54:36","slug":"em-2015-mais-de-3-mil-empresas-foram-abertas-em-sergipe","status":"publish","type":"post","link":"https:\/\/senoticias.com.br\/se\/em-2015-mais-de-3-mil-empresas-foram-abertas-em-sergipe\/","title":{"rendered":"Em 2015, mais de 3 mil empresas foram abertas em Sergipe"},"content":{"rendered":"<p style=\"text-align: justify;\">Em 2015, a Junta Comercial do Estado de Sergipe (Jucese) registrou aumento de abertura de empresas em compara\u00e7\u00e3o ao ano passado. At\u00e9 o m\u00eas de setembro, 3.117 neg\u00f3cios foram constitu\u00eddos em territ\u00f3rio sergipano. No mesmo per\u00edodo de 2014, foram 3076. Isso significa um crescimento de 1,3%.<\/p>\n<div id=\"attachment_80168\" style=\"width: 608px\" class=\"wp-caption aligncenter\"><a href=\"http:\/\/senoticias.com.br\/se\/wp-content\/uploads\/2015\/05\/economia-trabalho-desemprego-carteira-20130527-79-original-e1445730834396.jpeg\"><img loading=\"lazy\" decoding=\"async\" aria-describedby=\"caption-attachment-80168\" class=\"size-full wp-image-80168\" alt=\"Em 2015, mais de 3 mil empresas foram abertas em Sergipe. (Foto: Reinaldo Canato\/VEJA)\" src=\"http:\/\/senoticias.com.br\/se\/wp-content\/uploads\/2015\/05\/economia-trabalho-desemprego-carteira-20130527-79-original-e1445730834396.jpeg\" width=\"598\" height=\"336\" \/><\/a><p id=\"caption-attachment-80168\" class=\"wp-caption-text\">Em 2015, mais de 3 mil empresas foram abertas em Sergipe. (Foto: Reinaldo Canato\/VEJA)<\/p><\/div>\n<p style=\"text-align: justify;\">De 1\u00ba a 20 de outubro de 2015, 205 empresas j\u00e1 foram regulamentadas na Junta Comercial, sendo que 112 est\u00e3o localizadas em Aracaju. O setor que mais registrou abertura foi o de Servi\u00e7os (58%), em segundo lugar, Com\u00e9rcio (34%) e em terceiro, Ind\u00fastria (8%).<\/p>\n<p style=\"text-align: justify;\">Em Sergipe tamb\u00e9m houve um aumento no n\u00famero de inscri\u00e7\u00f5es de Microempreendedor Individual (MEI). At\u00e9 setembro, 7.344 foram registrados. Em 2014, no mesmo per\u00edodo, 6.263. O MEI \u00e9 direcionado a quem trabalha por conta pr\u00f3pria e se legaliza como pequeno empres\u00e1rio no Portal do Empreendedor da Receita Federal.<\/p>\n<p style=\"text-align: justify;\">Com rela\u00e7\u00e3o ao fechamento de empresas no estado, at\u00e9 setembro deste ano foram 2.788. Al\u00e9m da instabilidade econ\u00f4mica vivida no Pa\u00eds, este n\u00famero est\u00e1 diretamente relacionado \u00e0 Lei Complementar 147\/2014, que modificou o Estatuto da Micro e Pequena Empresa.<\/p>\n<p style=\"text-align: justify;\">A partir de janeiro deste ano, todas as empresas passaram a obter a baixa de seus registros na Junta Comercial sem a necessidade de apresentar certid\u00f5es negativas de d\u00e9bitos. \u201cMuitas empresas que estavam ativas na Junta Comercial, por\u00e9m n\u00e3o funcionavam mais, est\u00e3o tendo a oportunidade de se regularizar\u201d, explica o presidente da Jucese, George Trindade.<\/p>\n<p style=\"text-align: justify;\">Acompanhe o SE Not\u00edcias no\u00a0<a href=\"https:\/\/twitter.com\/Senoticias\" target=\"_blank\">Twitter\u00a0<\/a>e no\u00a0<a href=\"https:\/\/www.facebook.com\/PortalSENoticias\" target=\"_blank\">Facebook<\/a><\/p>\n<p style=\"text-align: justify;\"><em><strong>Secretaria de Estado da Comunica\u00e7\u00e3o Social<\/strong><\/em><br \/>\n<em><strong> Governo de Sergipe<\/strong><\/em><\/p>\n","protected":false},"excerpt":{"rendered":"<p>Em 2015, a Junta Comercial do Estado de Sergipe (Jucese) registrou aumento de abertura de empresas em compara\u00e7\u00e3o ao ano passado. At\u00e9 o m\u00eas de setembro, 3.117 neg\u00f3cios foram constitu\u00eddos em territ\u00f3rio sergipano. No mesmo per\u00edodo de 2014, foram 3076. Isso significa um crescimento de 1,3%. De 1\u00ba a 20 de outubro de 2015, 205 [&hellip;]<\/p>\n","protected":false},"author":1,"featured_media":80168,"comment_status":"closed","ping_status":"closed","sticky":false,"template":"","format":"standard","meta":{"footnotes":""},"categories":[6,1],"tags":[],"class_list":{"0":"post-85223","1":"post","2":"type-post","3":"status-publish","4":"format-standard","5":"has-post-thumbnail","7":"category-politica","8":"category-sem-categoria"},"_links":{"self":[{"href":"https:\/\/senoticias.com.br\/se\/wp-json\/wp\/v2\/posts\/85223"}],"collection":[{"href":"https:\/\/senoticias.com.br\/se\/wp-json\/wp\/v2\/posts"}],"about":[{"href":"https:\/\/senoticias.com.br\/se\/wp-json\/wp\/v2\/types\/post"}],"author":[{"embeddable":true,"href":"https:\/\/senoticias.com.br\/se\/wp-json\/wp\/v2\/users\/1"}],"replies":[{"embeddable":true,"href":"https:\/\/senoticias.com.br\/se\/wp-json\/wp\/v2\/comments?post=85223"}],"version-history":[{"count":0,"href":"https:\/\/senoticias.com.br\/se\/wp-json\/wp\/v2\/posts\/85223\/revisions"}],"wp:featuredmedia":[{"embeddable":true,"href":"https:\/\/senoticias.com.br\/se\/wp-json\/wp\/v2\/media\/80168"}],"wp:attachment":[{"href":"https:\/\/senoticias.com.br\/se\/wp-json\/wp\/v2\/media?parent=85223"}],"wp:term":[{"taxonomy":"category","embeddable":true,"href":"https:\/\/senoticias.com.br\/se\/wp-json\/wp\/v2\/categories?post=85223"},{"taxonomy":"post_tag","embeddable":true,"href":"https:\/\/senoticias.com.br\/se\/wp-json\/wp\/v2\/tags?post=85223"}],"curies":[{"name":"wp","href":"https:\/\/api.w.org\/{rel}","templated":true}]}}