{"id":85218,"date":"2015-10-23T15:19:30","date_gmt":"2015-10-23T18:19:30","guid":{"rendered":"http:\/\/senoticias.com.br\/se\/?p=85218"},"modified":"2015-10-23T15:21:29","modified_gmt":"2015-10-23T18:21:29","slug":"62-prefeitos-devem-disputar-a-reeleicao-no-proximo-ano","status":"publish","type":"post","link":"https:\/\/senoticias.com.br\/se\/62-prefeitos-devem-disputar-a-reeleicao-no-proximo-ano\/","title":{"rendered":"62 prefeitos devem disputar a reelei\u00e7\u00e3o no pr\u00f3ximo ano"},"content":{"rendered":"<p style=\"text-align: justify;\"><strong><em>Por Reda\u00e7\u00e3o <a href=\"http:\/\/jornaldacidade.net\/politica-leitura\/92892\/62-prefeitos-devem-disputar-a-reeleicao-no-proximo-ano.html#.Vip4MNKrTIU\" target=\"_blank\">Jornal da Cidade<\/a> Net<\/em><\/strong><\/p>\n<p style=\"text-align: justify;\">Mesmo com o discurso frequente de que os munic\u00edpios atravessam uma severa crise financeira, que tem inviabilizado a realiza\u00e7\u00e3o de obras e at\u00e9 mesmo o pagamento dos sal\u00e1rios dos servidores, a maioria dos prefeitos sergipanos disputar\u00e1 a reelei\u00e7\u00e3o. Dos 75 gestores municipais atuais, apenas 11 n\u00e3o poder\u00e3o concorrer novamente, pois j\u00e1 foram reeleitos. Ou seja, 64 prefeitos estar\u00e3o aptos a concorrer novamente ao cargo. Deste contingente, apenas dois j\u00e1 declararam publicamente que n\u00e3o ir\u00e3o tentar a reelei\u00e7\u00e3o em 2016. Outros tr\u00eas ainda s\u00e3o d\u00favida, pois s\u00e3o gestores que assumiram a administra\u00e7\u00e3o recentemente em decorr\u00eancia do falecimento ou ren\u00fancia de prefeitos.<\/p>\n<div id=\"attachment_84426\" style=\"width: 590px\" class=\"wp-caption aligncenter\"><a href=\"http:\/\/senoticias.com.br\/se\/wp-content\/uploads\/2015\/09\/Heleno-Silva.jpg\"><img loading=\"lazy\" decoding=\"async\" aria-describedby=\"caption-attachment-84426\" class=\"size-full wp-image-84426\" alt=\"Onze deles j\u00e1 est\u00e3o no segundo mandato e dois anunciaram que n\u00e3o entrar\u00e3o na disputa (Foto: arquivo\/NE Not\u00edcias)\" src=\"http:\/\/senoticias.com.br\/se\/wp-content\/uploads\/2015\/09\/Heleno-Silva.jpg\" width=\"580\" height=\"365\" srcset=\"https:\/\/senoticias.com.br\/se\/wp-content\/uploads\/2015\/09\/Heleno-Silva.jpg 580w, https:\/\/senoticias.com.br\/se\/wp-content\/uploads\/2015\/09\/Heleno-Silva-300x188.jpg 300w, https:\/\/senoticias.com.br\/se\/wp-content\/uploads\/2015\/09\/Heleno-Silva-342x215.jpg 342w\" sizes=\"(max-width: 580px) 100vw, 580px\" \/><\/a><p id=\"caption-attachment-84426\" class=\"wp-caption-text\">Onze deles j\u00e1 est\u00e3o no segundo mandato e dois anunciaram que n\u00e3o entrar\u00e3o na disputa (Foto: arquivo\/NE Not\u00edcias)<\/p><\/div>\n<p style=\"text-align: justify;\">Mesmo sem admitir, 80% dos prefeitos de Sergipe se articulam para tentar uma nova vit\u00f3ria eleitoral, a come\u00e7ar pelo gestor da capital, Jo\u00e3o Alves Filho (DEM). Embora ele n\u00e3o fale sobre o assunto com a imprensa, j\u00e1 \u00e9 grande a movimenta\u00e7\u00e3o nos bastidores para a constru\u00e7\u00e3o de uma alian\u00e7a que d\u00ea ao futuro candidato tempo de r\u00e1dio e TV na campanha eleitoral. Para conseguir o maior n\u00famero de apoios, \u00e9 grande a possibilidade de Jo\u00e3o abrir m\u00e3o do seu atual vice, Jos\u00e9 Carlos Machado (PSDB), para acomodar o grupo liderado pelo senador Eduardo Amorim (PSC) e pelo deputado federal Andr\u00e9 Moura (PSC).<\/p>\n<p style=\"text-align: justify;\">A mesma articula\u00e7\u00e3o, em prol de alian\u00e7as, repete-se em outros munic\u00edpios, a exemplo de Itabaiana, onde \u00e9 grande a disputa entre aliados do prefeito Valmir de Francisquinho (PR) para a indica\u00e7\u00e3o de um nome para vice-prefeito. Valmir, inclusive, chegou a reagir com dureza \u00e0s movimenta\u00e7\u00f5es, afirmando que poderia nem ser candidato \u00e0 reelei\u00e7\u00e3o. Em nota, ele disse que \u201ccontinua priorizando a administra\u00e7\u00e3o municipal, suas obras e a\u00e7\u00f5es e que n\u00e3o passam de especula\u00e7\u00f5es as informa\u00e7\u00f5es a ele atribu\u00eddas citando nomes de pol\u00edticos para forma\u00e7\u00e3o de uma futura chapa para concorrer \u00e0 prefeitura\u201d.<\/p>\n<p style=\"text-align: justify;\">\u201cAli\u00e1s, n\u00e3o h\u00e1 defini\u00e7\u00e3o nem mesmo se serei candidato \u00e0 reelei\u00e7\u00e3o. Tudo isso ser\u00e1 debatido democraticamente no tempo certo e com todos os integrantes do grupo pol\u00edtico do qual fa\u00e7o parte. Na hora de debatermos pol\u00edtica o faremos com todos. Agora \u00e9 hora de administrar\u201d, disse Valmir.<\/p>\n<p style=\"text-align: justify;\">Outro prefeito que se movimenta para arregimentar apoio para a reelei\u00e7\u00e3o \u00e9 o gestor de Est\u00e2ncia, Carlos Magno. Ele se desfiliou do DEM no in\u00edcio deste m\u00eas e se filiou ao PCdoB. Tamb\u00e9m atraiu para a sua base o PT. Outros gestores tamb\u00e9m mudaram de sigla, como a prefeita de Itaporanga, Gracinha, que saiu do PSDB e se filiou ao PMDB, e Fernadinho Franco (de Muribeca), que deixou o PDT e passou a fazer parte do PSDB.<\/p>\n<p style=\"text-align: justify;\">\u00a0<strong>Est\u00e3o fora<\/strong><\/p>\n<p style=\"text-align: justify;\">Enquanto isso, os prefeitos de Canind\u00e9 de S\u00e3o Francisco, Heleno Silva (PRB), e de Porto da Folha, Albino Tavares (PSD), j\u00e1 anunciaram que n\u00e3o ir\u00e3o tentar a reelei\u00e7\u00e3o. Os dois alegam que a queda na receita de seus munic\u00edpios inviabilizou as administra\u00e7\u00f5es.<\/p>\n<p style=\"text-align: justify;\">\u201cO meu processo de reelei\u00e7\u00e3o est\u00e1 descartado, n\u00e3o serei candidato. N\u00e3o coaduno as duas coisas. A reelei\u00e7\u00e3o \u00e9 muito traum\u00e1tica, do ponto de vista administrativo. N\u00e3o vou partir para isso. Na minha l\u00f3gica, quatro anos j\u00e1 est\u00e3o muito bons\u201d, afirmou Heleno Silva ao JORNAL DA CIDADE.<\/p>\n<p style=\"text-align: justify;\">Questionado pela reportagem se houve arrependimento da parte dele por ter sido candidato a prefeito em 2012, ele negou. \u201cN\u00e3o me arrependo de ter sido candidato. Mas tenho a convic\u00e7\u00e3o de que vamos viver dias dif\u00edceis, pelos pr\u00f3ximos quatro anos. Os pr\u00f3ximos prefeitos v\u00e3o enfrentar mais dificuldades\u201d, avaliou.<\/p>\n<p style=\"text-align: justify;\">J\u00e1 o prefeito de Porto da Folha v\u00ea nas dificuldades financeiras a principal motiva\u00e7\u00e3o para desistir de uma nova elei\u00e7\u00e3o. \u201cEste \u00e9 meu primeiro e \u00faltimo mandato, n\u00e3o sou candidato \u00e0 reelei\u00e7\u00e3o e saio extremamente frustrado\u201d, afirmou ele, que pretende voltar a atuar como m\u00e9dico assim que concluir o mandato. \u201cNossa situa\u00e7\u00e3o \u00e9 ca\u00f3tica e n\u00e3o quero chegar a demitir\u201d, disse. \u201cSe tiver que demitir, prefiro renunciar\u201d, ressaltou.<\/p>\n<p style=\"text-align: justify;\">H\u00e1 ainda no quadro pol\u00edtico atual aqueles prefeitos que assumiram o comando de suas cidades em decorr\u00eancia de problemas com os gestores eleitos. Foi o caso de S\u00e3o Crist\u00f3v\u00e3o, onde a prefeita Rivanda Batalha renunciou, ap\u00f3s ser alvo de den\u00fancia de irregularidades na merenda do munic\u00edpio. Houve mudan\u00e7a de prefeitos tamb\u00e9m em Santa Luzia do Itanhy e Cedro de S\u00e3o Jo\u00e3o, onde os gestores faleceram neste ano por problemas de sa\u00fade. Nas tr\u00eas cidades, os vice-prefeitos assumiram, mas ainda n\u00e3o se decidiram se ir\u00e3o tentar a elei\u00e7\u00e3o de 2016 como cabe\u00e7a de chapa.<\/p>\n<p style=\"text-align: justify;\"><strong>Acompanhe o SE Not\u00edcias no\u00a0<a href=\"https:\/\/twitter.com\/Senoticias\" target=\"_blank\">Twitter\u00a0<\/a>e no\u00a0<a href=\"https:\/\/www.facebook.com\/PortalSENoticias\" target=\"_blank\">Facebook<\/a><\/strong><\/p>\n","protected":false},"excerpt":{"rendered":"<p>Por Reda\u00e7\u00e3o Jornal da Cidade Net Mesmo com o discurso frequente de que os munic\u00edpios atravessam uma severa crise financeira, que tem inviabilizado a realiza\u00e7\u00e3o de obras e at\u00e9 mesmo o pagamento dos sal\u00e1rios dos servidores, a maioria dos prefeitos sergipanos disputar\u00e1 a reelei\u00e7\u00e3o. Dos 75 gestores municipais atuais, apenas 11 n\u00e3o poder\u00e3o concorrer novamente, [&hellip;]<\/p>\n","protected":false},"author":1,"featured_media":84426,"comment_status":"closed","ping_status":"closed","sticky":false,"template":"","format":"standard","meta":{"footnotes":""},"categories":[6],"tags":[],"class_list":{"0":"post-85218","1":"post","2":"type-post","3":"status-publish","4":"format-standard","5":"has-post-thumbnail","7":"category-politica"},"_links":{"self":[{"href":"https:\/\/senoticias.com.br\/se\/wp-json\/wp\/v2\/posts\/85218"}],"collection":[{"href":"https:\/\/senoticias.com.br\/se\/wp-json\/wp\/v2\/posts"}],"about":[{"href":"https:\/\/senoticias.com.br\/se\/wp-json\/wp\/v2\/types\/post"}],"author":[{"embeddable":true,"href":"https:\/\/senoticias.com.br\/se\/wp-json\/wp\/v2\/users\/1"}],"replies":[{"embeddable":true,"href":"https:\/\/senoticias.com.br\/se\/wp-json\/wp\/v2\/comments?post=85218"}],"version-history":[{"count":0,"href":"https:\/\/senoticias.com.br\/se\/wp-json\/wp\/v2\/posts\/85218\/revisions"}],"wp:featuredmedia":[{"embeddable":true,"href":"https:\/\/senoticias.com.br\/se\/wp-json\/wp\/v2\/media\/84426"}],"wp:attachment":[{"href":"https:\/\/senoticias.com.br\/se\/wp-json\/wp\/v2\/media?parent=85218"}],"wp:term":[{"taxonomy":"category","embeddable":true,"href":"https:\/\/senoticias.com.br\/se\/wp-json\/wp\/v2\/categories?post=85218"},{"taxonomy":"post_tag","embeddable":true,"href":"https:\/\/senoticias.com.br\/se\/wp-json\/wp\/v2\/tags?post=85218"}],"curies":[{"name":"wp","href":"https:\/\/api.w.org\/{rel}","templated":true}]}}