{"id":85216,"date":"2015-10-23T15:07:45","date_gmt":"2015-10-23T18:07:45","guid":{"rendered":"http:\/\/senoticias.com.br\/se\/?p=85216"},"modified":"2015-10-26T10:38:44","modified_gmt":"2015-10-26T13:38:44","slug":"inscricao-para-concurso-da-prefeitura-de-itabaiana-comeca-na-proxima-segunda-feira","status":"publish","type":"post","link":"https:\/\/senoticias.com.br\/se\/inscricao-para-concurso-da-prefeitura-de-itabaiana-comeca-na-proxima-segunda-feira\/","title":{"rendered":"Inscri\u00e7\u00e3o para concurso da prefeitura de Itabaiana come\u00e7a nesta segunda-feira"},"content":{"rendered":"<p style=\"text-align: justify;\"><em><strong>por Itnet<\/strong><\/em><\/p>\n<div id=\"attachment_32641\" style=\"width: 310px\" class=\"wp-caption alignright\"><a href=\"http:\/\/senoticias.com.br\/se\/wp-content\/uploads\/2012\/05\/concursopublico-I.jpg\"><img loading=\"lazy\" decoding=\"async\" aria-describedby=\"caption-attachment-32641\" class=\"size-medium wp-image-32641\" alt=\"Concurso oferece mais de 150 vagas em diversas \u00e1reas. (Foto: Reprodu\u00e7\u00e3o)\" src=\"http:\/\/senoticias.com.br\/se\/wp-content\/uploads\/2012\/05\/concursopublico-I-300x267.jpg\" width=\"300\" height=\"267\" srcset=\"https:\/\/senoticias.com.br\/se\/wp-content\/uploads\/2012\/05\/concursopublico-I-300x267.jpg 300w, https:\/\/senoticias.com.br\/se\/wp-content\/uploads\/2012\/05\/concursopublico-I-342x304.jpg 342w, https:\/\/senoticias.com.br\/se\/wp-content\/uploads\/2012\/05\/concursopublico-I.jpg 400w\" sizes=\"(max-width: 300px) 100vw, 300px\" \/><\/a><p id=\"caption-attachment-32641\" class=\"wp-caption-text\">Concurso oferece mais de 150 vagas em diversas \u00e1reas. (Foto: Reprodu\u00e7\u00e3o)<\/p><\/div>\n<p style=\"text-align: justify;\">A Prefeitura Municipal de Itabaiana, no agreste do estado, divulgou no Di\u00e1rio Oficial desta quinta-feira (22) o edital do concurso p\u00fablico para o preenchimento de mais de 150 vagas no quadro de servidores efetivos do munic\u00edpio.<\/p>\n<p style=\"text-align: justify;\">As inscri\u00e7\u00f5es estar\u00e3o abertas no per\u00edodo de 26 de outubro a 26 de novembro de 2015, no site\u00a0<a href=\"http:\/\/www.seprod.com.br\/\">www.seprod.com.br<\/a>, podendo ser realizadas at\u00e9 \u00e0s 23:59 horas do \u00faltimo dia previsto para o t\u00e9rmino das inscri\u00e7\u00f5es, observado o hor\u00e1rio oficial de Bras\u00edlia.\u00a0O candidato dever\u00e1 preencher o formul\u00e1rio de inscri\u00e7\u00e3o, ler e aceitar o conte\u00fado do Edital e transmitir os dados pela\u00a0Internet. Dever\u00e1 ainda imprimir o boleto para o pagamento da taxa de inscri\u00e7\u00e3o.<\/p>\n<p style=\"text-align: justify;\">A sele\u00e7\u00e3o para os cargos de que trata o Edital compreender\u00e1 exame para aferir conhecimentos e habilidades,\u00a0mediante aplica\u00e7\u00e3o de prova objetiva,de car\u00e1ter classificat\u00f3rio e eliminat\u00f3rio, para todos os cargos,e prova de t\u00edtulos,de car\u00e1ter classificat\u00f3rio,para os cargos de N\u00cdVEL SUPERIOR.<\/p>\n<p style=\"text-align: justify;\">A taxa de inscri\u00e7\u00e3o est\u00e1 classificada de acordo com cargo pleiteado:\u00a0Ensino Fundamental: R$ 40,00; Ensino M\u00e9dio Completo\/ Curso T\u00e9cnico: R$ 60,00; Ensino Superior Completo R$80,00.<\/p>\n<p style=\"text-align: justify;\"><a href=\"http:\/\/www.itabaiana.se.io.org.br\/diarioOficial\/download\/888\/1090\/97786A57835F4D915305CA8D9D46D9ED113F8AF4\">Veja mais detalhes no Di\u00e1rio Oficial. Clique aqui.<\/a><\/p>\n<p style=\"text-align: justify;\">A empresa respons\u00e1vel \u00e9 a SEPROD (Servi\u00e7o de Processamento de Dados), com sede em Alagoinhas\/BA.<\/p>\n<p style=\"text-align: justify;\"><strong>Acompanhe o SE Not\u00edcias no\u00a0<a href=\"https:\/\/twitter.com\/Senoticias\" target=\"_blank\">Twitter\u00a0<\/a>e no\u00a0<a href=\"https:\/\/www.facebook.com\/PortalSENoticias\" target=\"_blank\">Facebook<\/a><\/strong><\/p>\n","protected":false},"excerpt":{"rendered":"<p>por Itnet A Prefeitura Municipal de Itabaiana, no agreste do estado, divulgou no Di\u00e1rio Oficial desta quinta-feira (22) o edital do concurso p\u00fablico para o preenchimento de mais de 150 vagas no quadro de servidores efetivos do munic\u00edpio. As inscri\u00e7\u00f5es estar\u00e3o abertas no per\u00edodo de 26 de outubro a 26 de novembro de 2015, no [&hellip;]<\/p>\n","protected":false},"author":1,"featured_media":32641,"comment_status":"closed","ping_status":"closed","sticky":false,"template":"","format":"standard","meta":{"footnotes":""},"categories":[9,38,6],"tags":[],"class_list":{"0":"post-85216","1":"post","2":"type-post","3":"status-publish","4":"format-standard","5":"has-post-thumbnail","7":"category-concursos","8":"category-municipios","9":"category-politica"},"_links":{"self":[{"href":"https:\/\/senoticias.com.br\/se\/wp-json\/wp\/v2\/posts\/85216"}],"collection":[{"href":"https:\/\/senoticias.com.br\/se\/wp-json\/wp\/v2\/posts"}],"about":[{"href":"https:\/\/senoticias.com.br\/se\/wp-json\/wp\/v2\/types\/post"}],"author":[{"embeddable":true,"href":"https:\/\/senoticias.com.br\/se\/wp-json\/wp\/v2\/users\/1"}],"replies":[{"embeddable":true,"href":"https:\/\/senoticias.com.br\/se\/wp-json\/wp\/v2\/comments?post=85216"}],"version-history":[{"count":0,"href":"https:\/\/senoticias.com.br\/se\/wp-json\/wp\/v2\/posts\/85216\/revisions"}],"wp:featuredmedia":[{"embeddable":true,"href":"https:\/\/senoticias.com.br\/se\/wp-json\/wp\/v2\/media\/32641"}],"wp:attachment":[{"href":"https:\/\/senoticias.com.br\/se\/wp-json\/wp\/v2\/media?parent=85216"}],"wp:term":[{"taxonomy":"category","embeddable":true,"href":"https:\/\/senoticias.com.br\/se\/wp-json\/wp\/v2\/categories?post=85216"},{"taxonomy":"post_tag","embeddable":true,"href":"https:\/\/senoticias.com.br\/se\/wp-json\/wp\/v2\/tags?post=85216"}],"curies":[{"name":"wp","href":"https:\/\/api.w.org\/{rel}","templated":true}]}}