{"id":85213,"date":"2015-10-23T14:56:32","date_gmt":"2015-10-23T17:56:32","guid":{"rendered":"http:\/\/senoticias.com.br\/se\/?p=85213"},"modified":"2015-10-23T14:56:44","modified_gmt":"2015-10-23T17:56:44","slug":"ousadia-jovem-ostenta-cigarros-de-maconha-em-foto-com-viatura-da-prf-e-e-preso","status":"publish","type":"post","link":"https:\/\/senoticias.com.br\/se\/ousadia-jovem-ostenta-cigarros-de-maconha-em-foto-com-viatura-da-prf-e-e-preso\/","title":{"rendered":"Ousadia: Jovem ostenta cigarros de maconha em foto com viatura da PRF e \u00e9 preso"},"content":{"rendered":"<p align=\"justify\">A Pol\u00edcia Rodovi\u00e1ria Federal (PRF) divulgou nesta sexta-feira (23) detalhes da pris\u00e3o de um jovem que tentava fazer uma foto em frente a viatura oficial segurando dois cigarros de maconha. O fato aconteceu durante uma blitz realizada no KM 153 da BR-101 no munic\u00edpio de\u00a0Est\u00e2ncia\u00a0(SE).<\/p>\n<div id=\"attachment_85214\" style=\"width: 608px\" class=\"wp-caption aligncenter\"><a href=\"http:\/\/senoticias.com.br\/se\/wp-content\/uploads\/2015\/10\/20151023101759-e1445622955425.jpg\"><img loading=\"lazy\" decoding=\"async\" aria-describedby=\"caption-attachment-85214\" class=\"size-full wp-image-85214\" alt=\"Jovem \u00e9 detido com cigarros de maconha ao tentar tirar foto com viatura da PRF. (Foto: PRF\/SE)\" src=\"http:\/\/senoticias.com.br\/se\/wp-content\/uploads\/2015\/10\/20151023101759-e1445622955425.jpg\" width=\"598\" height=\"522\" \/><\/a><p id=\"caption-attachment-85214\" class=\"wp-caption-text\">Jovem foi detido com cigarros de maconha ao tentar tirar foto com viatura da PRF. (Foto: PRF\/SE)<\/p><\/div>\n<p>De acordo com informa\u00e7\u00f5es da PRF, os policiais estavam fazendo a fiscaliza\u00e7\u00e3o quando perceberam a aproxima\u00e7\u00e3o do suspeito em dire\u00e7\u00e3o \u00e0 viatura estacionada \u00e0 margem da rodovia.<\/p>\n<p>\u201cSegurando dois cigarros de maconha, o jovem tentou tirar fotos ostentando os cigarros e ao fundo a viatura. Ele foi detido pelo porte e consumo de droga e levado para Delegacia de Pol\u00edcia Civil em Est\u00e2ncia\u201d, informou a assessoria de comunica\u00e7\u00e3o do oficial \u00f3rg\u00e3o.<\/p>\n<p align=\"justify\"><span style=\"font-family: Arial, sans-serif;\">\u00a0<\/span><em><strong>G1 SE com informa\u00e7\u00f5es do\u00a0N\u00facleo de Comunica\u00e7\u00e3o Social\u00a0Pol\u00edcia Rodovi\u00e1ria Federal \u2013 Sergipe<\/strong><\/em><\/p>\n<div><\/div>\n<div><strong>Acompanhe o SE Not\u00edcias no\u00a0<a href=\"https:\/\/twitter.com\/Senoticias\" target=\"_blank\">Twitter\u00a0<\/a>e no\u00a0<a href=\"https:\/\/www.facebook.com\/PortalSENoticias\" target=\"_blank\">Facebook<\/a><\/strong><\/div>\n","protected":false},"excerpt":{"rendered":"<p>A Pol\u00edcia Rodovi\u00e1ria Federal (PRF) divulgou nesta sexta-feira (23) detalhes da pris\u00e3o de um jovem que tentava fazer uma foto em frente a viatura oficial segurando dois cigarros de maconha. O fato aconteceu durante uma blitz realizada no KM 153 da BR-101 no munic\u00edpio de\u00a0Est\u00e2ncia\u00a0(SE). De acordo com informa\u00e7\u00f5es da PRF, os policiais estavam fazendo [&hellip;]<\/p>\n","protected":false},"author":2,"featured_media":85214,"comment_status":"closed","ping_status":"closed","sticky":false,"template":"","format":"standard","meta":{"footnotes":""},"categories":[7],"tags":[],"class_list":{"0":"post-85213","1":"post","2":"type-post","3":"status-publish","4":"format-standard","5":"has-post-thumbnail","7":"category-policia"},"_links":{"self":[{"href":"https:\/\/senoticias.com.br\/se\/wp-json\/wp\/v2\/posts\/85213"}],"collection":[{"href":"https:\/\/senoticias.com.br\/se\/wp-json\/wp\/v2\/posts"}],"about":[{"href":"https:\/\/senoticias.com.br\/se\/wp-json\/wp\/v2\/types\/post"}],"author":[{"embeddable":true,"href":"https:\/\/senoticias.com.br\/se\/wp-json\/wp\/v2\/users\/2"}],"replies":[{"embeddable":true,"href":"https:\/\/senoticias.com.br\/se\/wp-json\/wp\/v2\/comments?post=85213"}],"version-history":[{"count":0,"href":"https:\/\/senoticias.com.br\/se\/wp-json\/wp\/v2\/posts\/85213\/revisions"}],"wp:featuredmedia":[{"embeddable":true,"href":"https:\/\/senoticias.com.br\/se\/wp-json\/wp\/v2\/media\/85214"}],"wp:attachment":[{"href":"https:\/\/senoticias.com.br\/se\/wp-json\/wp\/v2\/media?parent=85213"}],"wp:term":[{"taxonomy":"category","embeddable":true,"href":"https:\/\/senoticias.com.br\/se\/wp-json\/wp\/v2\/categories?post=85213"},{"taxonomy":"post_tag","embeddable":true,"href":"https:\/\/senoticias.com.br\/se\/wp-json\/wp\/v2\/tags?post=85213"}],"curies":[{"name":"wp","href":"https:\/\/api.w.org\/{rel}","templated":true}]}}