{"id":85209,"date":"2015-10-23T14:41:32","date_gmt":"2015-10-23T17:41:32","guid":{"rendered":"http:\/\/senoticias.com.br\/se\/?p=85209"},"modified":"2015-10-23T14:41:32","modified_gmt":"2015-10-23T17:41:32","slug":"arma-de-fogo-e-apreendida-com-dupla-durante-abordagem-a-micro-onibus-em-itabaiana","status":"publish","type":"post","link":"https:\/\/senoticias.com.br\/se\/arma-de-fogo-e-apreendida-com-dupla-durante-abordagem-a-micro-onibus-em-itabaiana\/","title":{"rendered":"Arma de fogo \u00e9 apreendida com dupla durante abordagem a micro-\u00f4nibus em Itabaiana"},"content":{"rendered":"<p style=\"text-align: justify;\">Equipes da Pol\u00edcia Militar, por meio do 3\u00b0 Batalh\u00e3o (3\u00b0BPM), apreenderam na manh\u00e3 desta sexta-feira, 23, uma arma de fogo tipo garruncha em posse de H\u00e9rcules dos Santos, vulgo \u201cBeb\u00ea\u201d, 18 anos, e Cleverton Santos de Jesus, 20, ambos da cidade de Jeremoado\/Bahia, durante abordagem a um micro-\u00f4nibus no munic\u00edpio de Itabaiana, regi\u00e3o Agreste do Estado.<\/p>\n<div id=\"attachment_85210\" style=\"width: 591px\" class=\"wp-caption aligncenter\"><a href=\"http:\/\/senoticias.com.br\/se\/wp-content\/uploads\/2015\/10\/bahia.jpg\"><img loading=\"lazy\" decoding=\"async\" aria-describedby=\"caption-attachment-85210\" class=\"size-full wp-image-85210\" alt=\"H\u00e9rcules dos Santos, vulgo \u201cBeb\u00ea\u201d, 18 anos, e Cleverton Santos de Jesus, 20, ambos da cidade de Jeremoado\/Bahia. (Foto: SSP\/SE)\" src=\"http:\/\/senoticias.com.br\/se\/wp-content\/uploads\/2015\/10\/bahia.jpg\" width=\"581\" height=\"380\" srcset=\"https:\/\/senoticias.com.br\/se\/wp-content\/uploads\/2015\/10\/bahia.jpg 581w, https:\/\/senoticias.com.br\/se\/wp-content\/uploads\/2015\/10\/bahia-300x196.jpg 300w, https:\/\/senoticias.com.br\/se\/wp-content\/uploads\/2015\/10\/bahia-342x223.jpg 342w\" sizes=\"(max-width: 581px) 100vw, 581px\" \/><\/a><p id=\"caption-attachment-85210\" class=\"wp-caption-text\">H\u00e9rcules dos Santos, vulgo \u201cBeb\u00ea\u201d, 18 anos, e Cleverton Santos de Jesus, 20, ambos da cidade de Jeremoado\/Bahia. (Foto: SSP\/SE)<\/p><\/div>\n<p style=\"text-align: justify;\">\n<p style=\"text-align: justify;\">A a\u00e7\u00e3o ocorreu por volta das 07h20, quando uma guarni\u00e7\u00e3o do 3\u00b0BPM, composta pelos soldados Santiago, Bastos S\u00e1 e Oliveira, ao realizar abordagem a um micro-\u00f4nibus da Coopertalse que faz a linha Carira\/Aracaju no momento em que passava pela Pra\u00e7a de Eventos da cidade, flagrou a dupla em posse de uma arma de fogo tipo garruncha, calibre 38.<\/p>\n<p style=\"text-align: justify;\">\n<p style=\"text-align: justify;\">Ante o exposto, os suspeitos, juntamente com a arma apreendida, foram encaminhados \u00e0 Delegacia Regional de Itabaiana, para posterior ado\u00e7\u00e3o das devidas provid\u00eancias.<\/p>\n<p style=\"text-align: justify;\"><strong>Acompanhe o SE Not\u00edcias no\u00a0<a href=\"https:\/\/twitter.com\/Senoticias\" target=\"_blank\">Twitter\u00a0<\/a>e no\u00a0<a href=\"https:\/\/www.facebook.com\/PortalSENoticias\" target=\"_blank\">Facebook<\/a><\/strong><\/p>\n<p style=\"text-align: justify;\"><strong><em>Informa\u00e7\u00f5es da SSP\/SE<\/em><\/strong><\/p>\n<p style=\"text-align: justify;\">\n","protected":false},"excerpt":{"rendered":"<p>Equipes da Pol\u00edcia Militar, por meio do 3\u00b0 Batalh\u00e3o (3\u00b0BPM), apreenderam na manh\u00e3 desta sexta-feira, 23, uma arma de fogo tipo garruncha em posse de H\u00e9rcules dos Santos, vulgo \u201cBeb\u00ea\u201d, 18 anos, e Cleverton Santos de Jesus, 20, ambos da cidade de Jeremoado\/Bahia, durante abordagem a um micro-\u00f4nibus no munic\u00edpio de Itabaiana, regi\u00e3o Agreste do [&hellip;]<\/p>\n","protected":false},"author":1,"featured_media":85210,"comment_status":"closed","ping_status":"closed","sticky":false,"template":"","format":"standard","meta":{"footnotes":""},"categories":[7],"tags":[],"class_list":{"0":"post-85209","1":"post","2":"type-post","3":"status-publish","4":"format-standard","5":"has-post-thumbnail","7":"category-policia"},"_links":{"self":[{"href":"https:\/\/senoticias.com.br\/se\/wp-json\/wp\/v2\/posts\/85209"}],"collection":[{"href":"https:\/\/senoticias.com.br\/se\/wp-json\/wp\/v2\/posts"}],"about":[{"href":"https:\/\/senoticias.com.br\/se\/wp-json\/wp\/v2\/types\/post"}],"author":[{"embeddable":true,"href":"https:\/\/senoticias.com.br\/se\/wp-json\/wp\/v2\/users\/1"}],"replies":[{"embeddable":true,"href":"https:\/\/senoticias.com.br\/se\/wp-json\/wp\/v2\/comments?post=85209"}],"version-history":[{"count":0,"href":"https:\/\/senoticias.com.br\/se\/wp-json\/wp\/v2\/posts\/85209\/revisions"}],"wp:featuredmedia":[{"embeddable":true,"href":"https:\/\/senoticias.com.br\/se\/wp-json\/wp\/v2\/media\/85210"}],"wp:attachment":[{"href":"https:\/\/senoticias.com.br\/se\/wp-json\/wp\/v2\/media?parent=85209"}],"wp:term":[{"taxonomy":"category","embeddable":true,"href":"https:\/\/senoticias.com.br\/se\/wp-json\/wp\/v2\/categories?post=85209"},{"taxonomy":"post_tag","embeddable":true,"href":"https:\/\/senoticias.com.br\/se\/wp-json\/wp\/v2\/tags?post=85209"}],"curies":[{"name":"wp","href":"https:\/\/api.w.org\/{rel}","templated":true}]}}