{"id":85206,"date":"2015-10-23T14:30:48","date_gmt":"2015-10-23T17:30:48","guid":{"rendered":"http:\/\/senoticias.com.br\/se\/?p=85206"},"modified":"2015-10-25T10:46:38","modified_gmt":"2015-10-25T13:46:38","slug":"policia-prende-suspeito-de-estupro-e-feminicidio-no-jardim-centenario","status":"publish","type":"post","link":"https:\/\/senoticias.com.br\/se\/policia-prende-suspeito-de-estupro-e-feminicidio-no-jardim-centenario\/","title":{"rendered":"Homem estupra e mata esposa de colega de trabalho"},"content":{"rendered":"<p>Agentes da 1\u00aa Divis\u00e3o do Departamento de Homic\u00eddios e Prote\u00e7\u00e3o \u00e0 Pessoa (DHPP) da Pol\u00edcia Civil efetuaram na manh\u00e3 dessa quinta-feira, 22, a pris\u00e3o de Genisson da Concei\u00e7\u00e3o Silva, 36 anos, suspeito de cometer estupro e feminic\u00eddio da jovem Silv\u00e2nia Marcelino da Silva, no \u00faltimo s\u00e1bado, 17, no conjunto Jardim Centen\u00e1rio, bairro Olaria. O acusado foi preso no Bairro Piabeta, situado no munic\u00edpio de Nossa Senhora do Socorro.<\/p>\n<div id=\"attachment_85207\" style=\"width: 499px\" class=\"wp-caption alignleft\"><a href=\"http:\/\/senoticias.com.br\/se\/wp-content\/uploads\/2015\/10\/c8df366a-4630-51f7.jpg\"><img loading=\"lazy\" decoding=\"async\" aria-describedby=\"caption-attachment-85207\" class=\"size-full wp-image-85207\" alt=\"Genisson da Concei\u00e7\u00e3o Silva, 36 anos, suspeito de cometer estupro e feminic\u00eddio. (Foto: SSP\/SE)\" src=\"http:\/\/senoticias.com.br\/se\/wp-content\/uploads\/2015\/10\/c8df366a-4630-51f7.jpg\" width=\"489\" height=\"380\" srcset=\"https:\/\/senoticias.com.br\/se\/wp-content\/uploads\/2015\/10\/c8df366a-4630-51f7.jpg 489w, https:\/\/senoticias.com.br\/se\/wp-content\/uploads\/2015\/10\/c8df366a-4630-51f7-300x233.jpg 300w, https:\/\/senoticias.com.br\/se\/wp-content\/uploads\/2015\/10\/c8df366a-4630-51f7-342x265.jpg 342w\" sizes=\"(max-width: 489px) 100vw, 489px\" \/><\/a><p id=\"caption-attachment-85207\" class=\"wp-caption-text\">Genisson da Concei\u00e7\u00e3o Silva, 36 anos, suspeito de cometer estupro e feminic\u00eddio. (Foto: SSP\/SE)<\/p><\/div>\n<p style=\"text-align: justify;\">De acordo com o diretor do DHPP, delegado Alessandro Vieira, as investiga\u00e7\u00f5es tiveram in\u00edcio ainda no local do crime, com a identifica\u00e7\u00e3o do suspeito feita por populares e pelo marido da v\u00edtima. \u201cNossos agentes iniciaram as investiga\u00e7\u00f5es ainda no local do crime, com a coleta de depoimentos de populares e do marido da v\u00edtima, que reconheceu Genisson, alegando ser seu colega de trabalho. A partir da\u00ed, ele foi representado e logo em seguida a Justi\u00e7a deferiu o mandado de pris\u00e3o\u201d, disse o delegado de pol\u00edcia.<\/p>\n<p style=\"text-align: justify;\">De posse das informa\u00e7\u00f5es, os policiais do DHPP efetuaram dilig\u00eancias at\u00e9 o im\u00f3vel onde o suspeito estaria escondido, efetuando em seguida a sua pris\u00e3o.<\/p>\n<p style=\"text-align: justify;\">Sobre a motiva\u00e7\u00e3o do crime, o delegado Alessandro Vieira informou que, em depoimento, Genisson relata que a inten\u00e7\u00e3o inicial\u00a0era de cometer o crime de estupro. \u201cEle informou que invadiu a casa com inten\u00e7\u00e3o de cometer o estupro, mas a v\u00edtima teria reagido. Foi nesse momento que ele desferiu v\u00e1rios golpes de faca contra a v\u00edtima, que n\u00e3o resistiu aos ferimentos e veio a \u00f3bito ainda no local\u201d, frisou Alessandro Vieira.<\/p>\n<p style=\"text-align: justify;\">Genisson nunca foi preso, mas j\u00e1 respondeu processo por viol\u00eancia dom\u00e9stica. Agora est\u00e1 sob cust\u00f3dia, \u00e0 disposi\u00e7\u00e3o do Poder Judici\u00e1rio. A v\u00edtima deixa uma filha de tr\u00eas meses.<\/p>\n<p style=\"text-align: justify;\"><strong>Acompanhe o SE Not\u00edcias no\u00a0<a href=\"https:\/\/twitter.com\/Senoticias\" target=\"_blank\">Twitter\u00a0<\/a>e no\u00a0<a href=\"https:\/\/www.facebook.com\/PortalSENoticias\" target=\"_blank\">Facebook<\/a><\/strong><\/p>\n<p style=\"text-align: justify;\"><strong><em>Informa\u00e7\u00f5es da SSP\/SE<\/em><\/strong><\/p>\n<p>&nbsp;<\/p>\n","protected":false},"excerpt":{"rendered":"<p>Agentes da 1\u00aa Divis\u00e3o do Departamento de Homic\u00eddios e Prote\u00e7\u00e3o \u00e0 Pessoa (DHPP) da Pol\u00edcia Civil efetuaram na manh\u00e3 dessa quinta-feira, 22, a pris\u00e3o de Genisson da Concei\u00e7\u00e3o Silva, 36 anos, suspeito de cometer estupro e feminic\u00eddio da jovem Silv\u00e2nia Marcelino da Silva, no \u00faltimo s\u00e1bado, 17, no conjunto Jardim Centen\u00e1rio, bairro Olaria. O acusado [&hellip;]<\/p>\n","protected":false},"author":2,"featured_media":85207,"comment_status":"closed","ping_status":"closed","sticky":false,"template":"","format":"standard","meta":{"footnotes":""},"categories":[7],"tags":[],"class_list":{"0":"post-85206","1":"post","2":"type-post","3":"status-publish","4":"format-standard","5":"has-post-thumbnail","7":"category-policia"},"_links":{"self":[{"href":"https:\/\/senoticias.com.br\/se\/wp-json\/wp\/v2\/posts\/85206"}],"collection":[{"href":"https:\/\/senoticias.com.br\/se\/wp-json\/wp\/v2\/posts"}],"about":[{"href":"https:\/\/senoticias.com.br\/se\/wp-json\/wp\/v2\/types\/post"}],"author":[{"embeddable":true,"href":"https:\/\/senoticias.com.br\/se\/wp-json\/wp\/v2\/users\/2"}],"replies":[{"embeddable":true,"href":"https:\/\/senoticias.com.br\/se\/wp-json\/wp\/v2\/comments?post=85206"}],"version-history":[{"count":0,"href":"https:\/\/senoticias.com.br\/se\/wp-json\/wp\/v2\/posts\/85206\/revisions"}],"wp:featuredmedia":[{"embeddable":true,"href":"https:\/\/senoticias.com.br\/se\/wp-json\/wp\/v2\/media\/85207"}],"wp:attachment":[{"href":"https:\/\/senoticias.com.br\/se\/wp-json\/wp\/v2\/media?parent=85206"}],"wp:term":[{"taxonomy":"category","embeddable":true,"href":"https:\/\/senoticias.com.br\/se\/wp-json\/wp\/v2\/categories?post=85206"},{"taxonomy":"post_tag","embeddable":true,"href":"https:\/\/senoticias.com.br\/se\/wp-json\/wp\/v2\/tags?post=85206"}],"curies":[{"name":"wp","href":"https:\/\/api.w.org\/{rel}","templated":true}]}}