{"id":85204,"date":"2015-10-23T12:59:55","date_gmt":"2015-10-23T15:59:55","guid":{"rendered":"http:\/\/senoticias.com.br\/se\/?p=85204"},"modified":"2015-10-25T09:10:00","modified_gmt":"2015-10-25T12:10:00","slug":"detranse-prorroga-prazo-para-emplacamento-de-ciclomotores","status":"publish","type":"post","link":"https:\/\/senoticias.com.br\/se\/detranse-prorroga-prazo-para-emplacamento-de-ciclomotores\/","title":{"rendered":"Detran\/SE prorroga prazo para emplacamento de ciclomotores"},"content":{"rendered":"<p style=\"text-align: justify;\">Os propriet\u00e1rios de ciclomotores e cicloel\u00e9tricos em Sergipe agora poder\u00e3o emplacar e licenciar seus ve\u00edculos at\u00e9 30 de dezembro sem pagar\u00a0multa por atraso de registro. A mudan\u00e7a promovida pelo Departamento Estadual de Tr\u00e2nsito \u2013 Detran\/SE \u2013 cumpre a Resolu\u00e7\u00e3o do Contran n\u00ba 555, de 17 de setembro de 2015, de acordo Lei Federal N\u00ba 13.154, de 30 de julho de 2015, que passou para os Departamentos Estaduais de Tr\u00e2nsito a compet\u00eancia de emplacamento dos ciclomotores.<\/p>\n<div id=\"attachment_67762\" style=\"width: 602px\" class=\"wp-caption aligncenter\"><a href=\"http:\/\/senoticias.com.br\/se\/wp-content\/uploads\/2014\/07\/motoneta_1.jpg\"><img loading=\"lazy\" decoding=\"async\" aria-describedby=\"caption-attachment-67762\" class=\"size-full wp-image-67762\" alt=\"Detran prorroga prazo para emplacamento de ciclomotores. (Divulga\u00e7\u00e3o\/PM\/SE)\" src=\"http:\/\/senoticias.com.br\/se\/wp-content\/uploads\/2014\/07\/motoneta_1.jpg\" width=\"592\" height=\"394\" srcset=\"https:\/\/senoticias.com.br\/se\/wp-content\/uploads\/2014\/07\/motoneta_1.jpg 592w, https:\/\/senoticias.com.br\/se\/wp-content\/uploads\/2014\/07\/motoneta_1-300x199.jpg 300w, https:\/\/senoticias.com.br\/se\/wp-content\/uploads\/2014\/07\/motoneta_1-342x227.jpg 342w\" sizes=\"(max-width: 592px) 100vw, 592px\" \/><\/a><p id=\"caption-attachment-67762\" class=\"wp-caption-text\">Detran prorroga prazo para emplacamento de ciclomotores. (Divulga\u00e7\u00e3o\/PM\/SE)<\/p><\/div>\n<p style=\"text-align: justify;\">O diretor-presidente do Detran\/SE, Edgard da Motta, destaca que, al\u00e9m da amplia\u00e7\u00e3o do prazo, outras altera\u00e7\u00f5es foram realizadas para facilitar os procedimentos para a regulamenta\u00e7\u00e3o das chamadas \u201ccinquentinhas\u201d, como a documenta\u00e7\u00e3o necess\u00e1ria para realizar o emplacamento. \u201cO Detran\/SE est\u00e1 preparado para realizar esse servi\u00e7o, basta que o usu\u00e1rio se dirija a uma unidade da autarquia portando a nota fiscal do ve\u00edculo ou declara\u00e7\u00e3o de proced\u00eancia com firma reconhecida em cart\u00f3rio, por autenticidade; vistoria do ve\u00edculo; c\u00f3pia da documenta\u00e7\u00e3o pessoal ou da empresa e comprovante de resid\u00eancia\u201d, explica o presidente.<\/p>\n<p style=\"text-align: justify;\">Os donos de cinquentinhas que j\u00e1 est\u00e3o em circula\u00e7\u00e3o podem realizar esse servi\u00e7o at\u00e9 o dia 30 de dezembro de 2015 sem pagar\u00a0multa por atraso de emplacamento e licenciamento. Durante todo o m\u00eas de dezembro, o Detran\/SE far\u00e1 campanhas educativas no intuito de orientar os usu\u00e1rios sobre a necessidade de registro do ciclomotor, porte do Certificado de Registro e Licenciamento de Ve\u00edculo \u2013 CRLV \u2013 e da Autoriza\u00e7\u00e3o para Conduzir Ciclomotor \u2013 ACC \u2013 ou CNH na categoria A. As fiscaliza\u00e7\u00f5es ser\u00e3o iniciadas em 1\u00ba de janeiro de 2016.<\/p>\n<p style=\"text-align: justify;\"><strong>Acompanhe o SE Not\u00edcias no\u00a0<a href=\"https:\/\/twitter.com\/Senoticias\" target=\"_blank\">Twitter\u00a0<\/a>e no\u00a0<a href=\"https:\/\/www.facebook.com\/PortalSENoticias\" target=\"_blank\">Facebook<\/a><\/strong><\/p>\n<p style=\"text-align: justify;\"><em><strong>Ascom\/Detran<\/strong><\/em><\/p>\n","protected":false},"excerpt":{"rendered":"<p>Os propriet\u00e1rios de ciclomotores e cicloel\u00e9tricos em Sergipe agora poder\u00e3o emplacar e licenciar seus ve\u00edculos at\u00e9 30 de dezembro sem pagar\u00a0multa por atraso de registro. A mudan\u00e7a promovida pelo Departamento Estadual de Tr\u00e2nsito \u2013 Detran\/SE \u2013 cumpre a Resolu\u00e7\u00e3o do Contran n\u00ba 555, de 17 de setembro de 2015, de acordo Lei Federal N\u00ba 13.154, [&hellip;]<\/p>\n","protected":false},"author":1,"featured_media":67762,"comment_status":"closed","ping_status":"closed","sticky":false,"template":"","format":"standard","meta":{"footnotes":""},"categories":[6],"tags":[],"class_list":{"0":"post-85204","1":"post","2":"type-post","3":"status-publish","4":"format-standard","5":"has-post-thumbnail","7":"category-politica"},"_links":{"self":[{"href":"https:\/\/senoticias.com.br\/se\/wp-json\/wp\/v2\/posts\/85204"}],"collection":[{"href":"https:\/\/senoticias.com.br\/se\/wp-json\/wp\/v2\/posts"}],"about":[{"href":"https:\/\/senoticias.com.br\/se\/wp-json\/wp\/v2\/types\/post"}],"author":[{"embeddable":true,"href":"https:\/\/senoticias.com.br\/se\/wp-json\/wp\/v2\/users\/1"}],"replies":[{"embeddable":true,"href":"https:\/\/senoticias.com.br\/se\/wp-json\/wp\/v2\/comments?post=85204"}],"version-history":[{"count":0,"href":"https:\/\/senoticias.com.br\/se\/wp-json\/wp\/v2\/posts\/85204\/revisions"}],"wp:featuredmedia":[{"embeddable":true,"href":"https:\/\/senoticias.com.br\/se\/wp-json\/wp\/v2\/media\/67762"}],"wp:attachment":[{"href":"https:\/\/senoticias.com.br\/se\/wp-json\/wp\/v2\/media?parent=85204"}],"wp:term":[{"taxonomy":"category","embeddable":true,"href":"https:\/\/senoticias.com.br\/se\/wp-json\/wp\/v2\/categories?post=85204"},{"taxonomy":"post_tag","embeddable":true,"href":"https:\/\/senoticias.com.br\/se\/wp-json\/wp\/v2\/tags?post=85204"}],"curies":[{"name":"wp","href":"https:\/\/api.w.org\/{rel}","templated":true}]}}