{"id":85201,"date":"2015-10-23T11:04:18","date_gmt":"2015-10-23T14:04:18","guid":{"rendered":"http:\/\/senoticias.com.br\/se\/?p=85201"},"modified":"2015-10-24T22:05:21","modified_gmt":"2015-10-25T01:05:21","slug":"mulheres-que-integram-a-seguranca-publica-participam-de-evento-no-parque-da-sementeira","status":"publish","type":"post","link":"https:\/\/senoticias.com.br\/se\/mulheres-que-integram-a-seguranca-publica-participam-de-evento-no-parque-da-sementeira\/","title":{"rendered":"Mulheres que integram a Seguran\u00e7a P\u00fablica participam de evento no Parque da Sementeira"},"content":{"rendered":"<p><span style=\"font-family: tahoma, sans-serif;\">\u00a0<\/span><\/p>\n<p><span style=\"font-family: tahoma, sans-serif;\">\u00a0<\/span><\/p>\n<p style=\"text-align: justify;\"><span style=\"font-family: tahoma, sans-serif;\">Caf\u00e9 da manh\u00e3, palestras educativas e sorteios de brindes para as mulheres que atuam na \u00e1rea de Seguran\u00e7a P\u00fablica estadual e municipal; al\u00e9m de uma equipe t\u00e9cnica preparada para cuidar da crian\u00e7ada enquanto as mulheres permanecem atentas aos debates sobre preven\u00e7\u00e3o do c\u00e2ncer de mama. Estes s\u00e3o alguns dos itens que as policiais civis, militares, bombeiras, guardas municipais, peritas, alunas dos Cursos de Forma\u00e7\u00e3o da Pol\u00edcia Militar e da Pol\u00edcia Civil encontrar\u00e3o neste s\u00e1bado, 24, a partir das 8h, no Parque da Augusto Franco (da Sementeira), em Aracaju, de maneira gratuita.<\/span><\/p>\n<div id=\"attachment_85202\" style=\"width: 510px\" class=\"wp-caption aligncenter\"><a href=\"http:\/\/senoticias.com.br\/se\/wp-content\/uploads\/2015\/10\/c8df366a-ace9-5114.jpg\"><img loading=\"lazy\" decoding=\"async\" aria-describedby=\"caption-attachment-85202\" class=\"size-full wp-image-85202\" alt=\"Evento acontece neste s\u00e1bado, 24, a partir das 8h, no Parque da Augusto Franco (da Sementeira), em Aracaju, de maneira gratuita.\" src=\"http:\/\/senoticias.com.br\/se\/wp-content\/uploads\/2015\/10\/c8df366a-ace9-5114.jpg\" width=\"500\" height=\"380\" srcset=\"https:\/\/senoticias.com.br\/se\/wp-content\/uploads\/2015\/10\/c8df366a-ace9-5114.jpg 500w, https:\/\/senoticias.com.br\/se\/wp-content\/uploads\/2015\/10\/c8df366a-ace9-5114-300x228.jpg 300w, https:\/\/senoticias.com.br\/se\/wp-content\/uploads\/2015\/10\/c8df366a-ace9-5114-342x259.jpg 342w, https:\/\/senoticias.com.br\/se\/wp-content\/uploads\/2015\/10\/c8df366a-ace9-5114-60x45.jpg 60w, https:\/\/senoticias.com.br\/se\/wp-content\/uploads\/2015\/10\/c8df366a-ace9-5114-150x113.jpg 150w\" sizes=\"(max-width: 500px) 100vw, 500px\" \/><\/a><p id=\"caption-attachment-85202\" class=\"wp-caption-text\">Evento acontece neste s\u00e1bado, 24, a partir das 8h, no Parque da Augusto Franco (da Sementeira), em Aracaju, de maneira gratuita.<\/p><\/div>\n<p style=\"text-align: justify;\"><span style=\"font-family: tahoma, sans-serif;\">O evento \u00e9 organizado pelo Governo de Sergipe, por meio da Secretaria de Seguran\u00e7a P\u00fablica (SSP); Associa\u00e7\u00e3o Integrada de Mulheres da Seguran\u00e7a P\u00fablica em Sergipe (Asimusep) e Prefeitura de Aracaju, por meio da Secretaria Municipal da Defesa Social e da Cidadania (Semdec). A expectativa da organiza\u00e7\u00e3o \u00e9 a presen\u00e7a de 300 pessoas, envolvendo as mulheres e seus filhos.<\/span><\/p>\n<p style=\"text-align: justify;\"><span style=\"font-family: tahoma, sans-serif;\">Ao longo da manh\u00e3, o p\u00fablico presente contar\u00e1 com diversas atividades, tais como a palestra com o tema &#8216;Preven\u00e7\u00e3o ao c\u00e2ncer de mama&#8217;, com a Dr\u00aa Paula Saab, m\u00e9dica mastologista; palestra &#8216;Viol\u00eancia contra a mulher&#8217;, com a advogada Valdilene Cruz; e a palestra &#8216;Preven\u00e7\u00e3o \u00e0s DST\/Aids&#8217;, com o Dr\u00ba Almir Santana, gerente do N\u00facleo Estadual de Combate a DST\/Aids.<\/span><\/p>\n<p style=\"text-align: justify;\"><span style=\"font-family: tahoma, sans-serif;\">A educadora f\u00edsica Fl\u00e1via Regina, que \u00e9 policial militar, coordenar\u00e1 as atividades de gin\u00e1stica laboral e din\u00e2micas de grupo que prometem envolver e divertir as mulheres. Uma organiza\u00e7\u00e3o n\u00e3o governamental tamb\u00e9m estar\u00e1 presente no evento para realizar massagens, sess\u00f5es de acupuntura e reiki para as mulheres presentes.<\/span><\/p>\n<p style=\"text-align: justify;\"><span style=\"font-family: tahoma, sans-serif;\">Haver\u00e1 no evento uma Unidade M\u00f3vel do Servi\u00e7o Social da Ind\u00fastria (Sesi) com o m\u00e9dico Dr\u00ba Andr\u00e9 Gentil e a enfermeira Valqu\u00edria Dantas que mostrar\u00e3o \u00e0s mulheres como fazer o autoexame das mamas e como perceber algum tipo de anormalidade no corpo em rela\u00e7\u00e3o ao c\u00e2ncer de mama. Uma equipe da Unimed estar\u00e1 no local com o objetivo de aferir a press\u00e3o arterial.<\/span><\/p>\n<p><strong><span style=\"font-family: tahoma, sans-serif;\">Para as crian\u00e7as<\/span><\/strong><\/p>\n<p style=\"text-align: justify;\"><span style=\"font-family: tahoma, sans-serif;\">No caso das crian\u00e7as, haver\u00e1 uma equipe de recreadores no evento para brincar com os pequenos em um parque de divers\u00f5es que ser\u00e1 montado justamente para animar e cuidar da garotada enquanto as m\u00e3es ficam atentas \u00e0s a\u00e7\u00f5es preventivas ao c\u00e2ncer de mama.<\/span><\/p>\n<p style=\"text-align: justify;\"><span style=\"font-family: tahoma, sans-serif;\">O lanche das crian\u00e7as est\u00e1 garantido, assim como a presen\u00e7a do Escov\u00f3dromo do Sesi, que contar\u00e1 com as instru\u00e7\u00f5es da odont\u00f3loga Dr\u00aa Mariana Matos para ensinar na pr\u00e1tica aos meninos e meninas a forma correta de escovar os dentes.<\/span><\/p>\n<p><strong><span style=\"font-family: tahoma, sans-serif;\">Movimento Outubro Rosa<\/span><\/strong><\/p>\n<p><span style=\"font-family: tahoma, sans-serif;\">O movimento conhecido como Outubro Rosa nasceu nos Estados Unidos, na d\u00e9cada de 1990, para estimular a participa\u00e7\u00e3o da popula\u00e7\u00e3o no controle do c\u00e2ncer de mama. A data \u00e9 celebrada anualmente com o objetivo de compartilhar informa\u00e7\u00f5es sobre o c\u00e2ncer de mama e promover a conscientiza\u00e7\u00e3o sobre a import\u00e2ncia da detec\u00e7\u00e3o precoce da doen\u00e7a.]<\/span><\/p>\n<p><strong>Acompanhe o SE Not\u00edcias no\u00a0<a href=\"https:\/\/twitter.com\/Senoticias\" target=\"_blank\">Twitter\u00a0<\/a>e no\u00a0<a href=\"https:\/\/www.facebook.com\/PortalSENoticias\" target=\"_blank\">Facebook<\/a><\/strong><\/p>\n<p><em><b>Assessoria de Comunica\u00e7\u00e3o\u00a0<\/b><\/em><br \/>\n<em><strong>Secretaria da Seguran\u00e7a P\u00fablica\u00a0<\/strong><\/em><\/p>\n<p><span style=\"font-family: tahoma, sans-serif;\">\u00a0<\/span><\/p>\n<div><\/div>\n","protected":false},"excerpt":{"rendered":"<p>\u00a0 \u00a0 Caf\u00e9 da manh\u00e3, palestras educativas e sorteios de brindes para as mulheres que atuam na \u00e1rea de Seguran\u00e7a P\u00fablica estadual e municipal; al\u00e9m de uma equipe t\u00e9cnica preparada para cuidar da crian\u00e7ada enquanto as mulheres permanecem atentas aos debates sobre preven\u00e7\u00e3o do c\u00e2ncer de mama. Estes s\u00e3o alguns dos itens que as policiais [&hellip;]<\/p>\n","protected":false},"author":1,"featured_media":85202,"comment_status":"closed","ping_status":"closed","sticky":false,"template":"","format":"standard","meta":{"footnotes":""},"categories":[7],"tags":[],"class_list":{"0":"post-85201","1":"post","2":"type-post","3":"status-publish","4":"format-standard","5":"has-post-thumbnail","7":"category-policia"},"_links":{"self":[{"href":"https:\/\/senoticias.com.br\/se\/wp-json\/wp\/v2\/posts\/85201"}],"collection":[{"href":"https:\/\/senoticias.com.br\/se\/wp-json\/wp\/v2\/posts"}],"about":[{"href":"https:\/\/senoticias.com.br\/se\/wp-json\/wp\/v2\/types\/post"}],"author":[{"embeddable":true,"href":"https:\/\/senoticias.com.br\/se\/wp-json\/wp\/v2\/users\/1"}],"replies":[{"embeddable":true,"href":"https:\/\/senoticias.com.br\/se\/wp-json\/wp\/v2\/comments?post=85201"}],"version-history":[{"count":0,"href":"https:\/\/senoticias.com.br\/se\/wp-json\/wp\/v2\/posts\/85201\/revisions"}],"wp:featuredmedia":[{"embeddable":true,"href":"https:\/\/senoticias.com.br\/se\/wp-json\/wp\/v2\/media\/85202"}],"wp:attachment":[{"href":"https:\/\/senoticias.com.br\/se\/wp-json\/wp\/v2\/media?parent=85201"}],"wp:term":[{"taxonomy":"category","embeddable":true,"href":"https:\/\/senoticias.com.br\/se\/wp-json\/wp\/v2\/categories?post=85201"},{"taxonomy":"post_tag","embeddable":true,"href":"https:\/\/senoticias.com.br\/se\/wp-json\/wp\/v2\/tags?post=85201"}],"curies":[{"name":"wp","href":"https:\/\/api.w.org\/{rel}","templated":true}]}}