{"id":84828,"date":"2015-10-13T14:00:56","date_gmt":"2015-10-13T17:00:56","guid":{"rendered":"http:\/\/senoticias.com.br\/se\/?p=84828"},"modified":"2015-10-13T14:10:48","modified_gmt":"2015-10-13T17:10:48","slug":"preso-em-itaporanga-homem-tinha-mandado-de-prisao-em-aberto-por-roubo-a-veiculos-e-chacaras","status":"publish","type":"post","link":"https:\/\/senoticias.com.br\/se\/preso-em-itaporanga-homem-tinha-mandado-de-prisao-em-aberto-por-roubo-a-veiculos-e-chacaras\/","title":{"rendered":"Preso em Itaporanga, homem tinha mandado de pris\u00e3o em aberto por roubo a ve\u00edculos e ch\u00e1caras"},"content":{"rendered":"<p style=\"text-align: justify;\">A Pol\u00edcia Militar prendeu no s\u00e1bado (10), em Itaporanga, Rany Santos Ferreira, 19 anos. Segundo a pol\u00edcia, o acusado j\u00e1 tinha mandado de pris\u00e3o em aberto\u00a0expedido pela Comarca de Itaporanga D&#8217;Ajuda, distante 29 Km da capital.<\/p>\n<div id=\"attachment_84829\" style=\"width: 595px\" class=\"wp-caption aligncenter\"><a href=\"http:\/\/senoticias.com.br\/se\/wp-content\/uploads\/2015\/10\/d8d3a44f-e606-4ea2-b582-ebd0cba98cfd.jpg\"><img loading=\"lazy\" decoding=\"async\" aria-describedby=\"caption-attachment-84829\" class=\"size-full wp-image-84829\" alt=\" Raney foi encaminhado \u00e0 Delegacia plantonista de Aracaju, onde se encontra preso e est\u00e1 \u00e0 disposi\u00e7\u00e3o da justi\u00e7a. (Foto: Divulga\u00e7\u00e3o\/SSP\/SE) \" src=\"http:\/\/senoticias.com.br\/se\/wp-content\/uploads\/2015\/10\/d8d3a44f-e606-4ea2-b582-ebd0cba98cfd.jpg\" width=\"585\" height=\"799\" srcset=\"https:\/\/senoticias.com.br\/se\/wp-content\/uploads\/2015\/10\/d8d3a44f-e606-4ea2-b582-ebd0cba98cfd.jpg 585w, https:\/\/senoticias.com.br\/se\/wp-content\/uploads\/2015\/10\/d8d3a44f-e606-4ea2-b582-ebd0cba98cfd-219x300.jpg 219w, https:\/\/senoticias.com.br\/se\/wp-content\/uploads\/2015\/10\/d8d3a44f-e606-4ea2-b582-ebd0cba98cfd-342x467.jpg 342w, https:\/\/senoticias.com.br\/se\/wp-content\/uploads\/2015\/10\/d8d3a44f-e606-4ea2-b582-ebd0cba98cfd-300x409.jpg 300w\" sizes=\"(max-width: 585px) 100vw, 585px\" \/><\/a><p id=\"caption-attachment-84829\" class=\"wp-caption-text\"><br \/>Raney foi encaminhado \u00e0 Delegacia plantonista de Aracaju, onde se encontra preso e est\u00e1 \u00e0 disposi\u00e7\u00e3o da justi\u00e7a. (Foto: Divulga\u00e7\u00e3o\/SSP\/SE)<\/p><\/div>\n<p style=\"text-align: justify;\">Por volta das 13h, policiais seguiam pela BR 101, quando suspeitaram de uma dupla que estava num ve\u00edculo de duas rodas. Os homens foram abordados, ficando constatado que um deles, identificado como Rany, tinha mandado de pris\u00e3o em aberto, por roubo a ve\u00edculos e ch\u00e1caras.<\/p>\n<p style=\"text-align: justify;\">De imediato, o homem recebeu voz de pris\u00e3o e foi encaminhado \u00e0 Delegacia Plantonista pela equipe formada pelo sargento Marcelo, cabo Rivaldo e soldado Freitas. Como nada foi atribu\u00eddo ao companheiro, este foi liberado ap\u00f3s revista e averigua\u00e7\u00e3o.<\/p>\n<p style=\"text-align: justify;\">Segundo a delegada Mariana Amorim, respons\u00e1vel por presidir o inqu\u00e9rito policial,\u00a0Rany Santos Ferreira vinha sendo investigado por suspeita de roubo a motocicletas e ch\u00e1caras na zona rural de Itaporanga.<\/p>\n<p style=\"text-align: justify;\"><strong>Acompanhe o SE Not\u00edcias no\u00a0<a href=\"https:\/\/twitter.com\/Senoticias\" target=\"_blank\">Twitter\u00a0<\/a>e no\u00a0<a href=\"https:\/\/www.facebook.com\/PortalSENoticias\" target=\"_blank\">Facebook<\/a><\/strong><\/p>\n<p style=\"text-align: justify;\"><strong><em>Reda\u00e7\u00e3o SENot\u00edcias com informa\u00e7\u00f5es da SSP\/SE<\/em><\/strong><\/p>\n","protected":false},"excerpt":{"rendered":"<p>A Pol\u00edcia Militar prendeu no s\u00e1bado (10), em Itaporanga, Rany Santos Ferreira, 19 anos. Segundo a pol\u00edcia, o acusado j\u00e1 tinha mandado de pris\u00e3o em aberto\u00a0expedido pela Comarca de Itaporanga D&#8217;Ajuda, distante 29 Km da capital. Por volta das 13h, policiais seguiam pela BR 101, quando suspeitaram de uma dupla que estava num ve\u00edculo de [&hellip;]<\/p>\n","protected":false},"author":1,"featured_media":84829,"comment_status":"closed","ping_status":"closed","sticky":false,"template":"","format":"standard","meta":{"footnotes":""},"categories":[7,1],"tags":[],"class_list":{"0":"post-84828","1":"post","2":"type-post","3":"status-publish","4":"format-standard","5":"has-post-thumbnail","7":"category-policia","8":"category-sem-categoria"},"_links":{"self":[{"href":"https:\/\/senoticias.com.br\/se\/wp-json\/wp\/v2\/posts\/84828"}],"collection":[{"href":"https:\/\/senoticias.com.br\/se\/wp-json\/wp\/v2\/posts"}],"about":[{"href":"https:\/\/senoticias.com.br\/se\/wp-json\/wp\/v2\/types\/post"}],"author":[{"embeddable":true,"href":"https:\/\/senoticias.com.br\/se\/wp-json\/wp\/v2\/users\/1"}],"replies":[{"embeddable":true,"href":"https:\/\/senoticias.com.br\/se\/wp-json\/wp\/v2\/comments?post=84828"}],"version-history":[{"count":0,"href":"https:\/\/senoticias.com.br\/se\/wp-json\/wp\/v2\/posts\/84828\/revisions"}],"wp:featuredmedia":[{"embeddable":true,"href":"https:\/\/senoticias.com.br\/se\/wp-json\/wp\/v2\/media\/84829"}],"wp:attachment":[{"href":"https:\/\/senoticias.com.br\/se\/wp-json\/wp\/v2\/media?parent=84828"}],"wp:term":[{"taxonomy":"category","embeddable":true,"href":"https:\/\/senoticias.com.br\/se\/wp-json\/wp\/v2\/categories?post=84828"},{"taxonomy":"post_tag","embeddable":true,"href":"https:\/\/senoticias.com.br\/se\/wp-json\/wp\/v2\/tags?post=84828"}],"curies":[{"name":"wp","href":"https:\/\/api.w.org\/{rel}","templated":true}]}}