{"id":84823,"date":"2015-10-13T11:45:00","date_gmt":"2015-10-13T14:45:00","guid":{"rendered":"http:\/\/senoticias.com.br\/se\/?p=84823"},"modified":"2015-10-14T11:36:33","modified_gmt":"2015-10-14T14:36:33","slug":"policia-rodoviaria-registra-71-mortes-em-acidentes-no-feriadao","status":"publish","type":"post","link":"https:\/\/senoticias.com.br\/se\/policia-rodoviaria-registra-71-mortes-em-acidentes-no-feriadao\/","title":{"rendered":"Pol\u00edcia Rodovi\u00e1ria Federal registra 71 mortes em acidentes no feriad\u00e3o"},"content":{"rendered":"<p>&nbsp;<\/p>\n<p style=\"text-align: justify;\">Durante o feriado prolongado, iniciado no \u00faltimo s\u00e1bado (10) e finalizado ontem (12), a Pol\u00edcia Rodovi\u00e1ria Federal (PRF) registrou 1.037 acidentes e 71 \u00f3bitos em rodovias federais que cortam o pa\u00eds. A Opera\u00e7\u00e3o Aparecida come\u00e7ou na sexta-feira (9).<\/p>\n<div id=\"attachment_69859\" style=\"width: 605px\" class=\"wp-caption aligncenter\"><a href=\"http:\/\/senoticias.com.br\/se\/wp-content\/uploads\/2014\/09\/prf-se.jpg\"><img loading=\"lazy\" decoding=\"async\" aria-describedby=\"caption-attachment-69859\" class=\"size-full wp-image-69859\" alt=\"A Opera\u00e7\u00e3o Aparecida come\u00e7ou na sexta-feira (9) e terminou ontem (12), o balan\u00e7o foi divulgado nesta ter\u00e7a-feira (13) pela PRF. (Foto: PRF\/SE)\" src=\"http:\/\/senoticias.com.br\/se\/wp-content\/uploads\/2014\/09\/prf-se.jpg\" width=\"595\" height=\"446\" srcset=\"https:\/\/senoticias.com.br\/se\/wp-content\/uploads\/2014\/09\/prf-se.jpg 595w, https:\/\/senoticias.com.br\/se\/wp-content\/uploads\/2014\/09\/prf-se-300x224.jpg 300w, https:\/\/senoticias.com.br\/se\/wp-content\/uploads\/2014\/09\/prf-se-342x256.jpg 342w, https:\/\/senoticias.com.br\/se\/wp-content\/uploads\/2014\/09\/prf-se-60x45.jpg 60w, https:\/\/senoticias.com.br\/se\/wp-content\/uploads\/2014\/09\/prf-se-150x113.jpg 150w, https:\/\/senoticias.com.br\/se\/wp-content\/uploads\/2014\/09\/prf-se-269x201.jpg 269w\" sizes=\"(max-width: 595px) 100vw, 595px\" \/><\/a><p id=\"caption-attachment-69859\" class=\"wp-caption-text\">A Opera\u00e7\u00e3o Aparecida come\u00e7ou na sexta-feira (9) e terminou ontem (12), o balan\u00e7o foi divulgado nesta ter\u00e7a-feira (13) pela PRF. (Foto: PRF\/SE)<\/p><\/div>\n<p style=\"text-align: justify;\">De acordo com balan\u00e7o preliminar divulgado hoje (13), durante o per\u00edodo, homens da corpora\u00e7\u00e3o fiscalizaram 92.038 pessoas e emitiram 19.958 multas, al\u00e9m de recolher 508 ve\u00edculos por diversas irregularidades.<\/p>\n<p style=\"text-align: justify;\">\u201cExcesso de velocidade, ultrapassagens irregulares, embriaguez ao volante e a falta de itens de seguran\u00e7a, tal como cadeirinhas e cintos de seguran\u00e7a, foram pontos focais das a\u00e7\u00f5es\u201d, informou a PRF.<\/p>\n<p style=\"text-align: justify;\">A Opera\u00e7\u00e3o Aparecida registrou ainda 24.746 testes de etil\u00f4metros (baf\u00f4metros) feitos em rodoviais federais. \u00a0Ao todo, 497 motoristas foram flagrados dirigindo sob efeito de \u00e1lcool, sendo que 80 deles excederam os limites tolerados pela legisla\u00e7\u00e3o e foram presos.<\/p>\n<p style=\"text-align: justify;\"><strong>Acompanhe o SE Not\u00edcias no\u00a0<a href=\"https:\/\/twitter.com\/Senoticias\" target=\"_blank\">Twitter\u00a0<\/a>e no\u00a0<a href=\"https:\/\/www.facebook.com\/PortalSENoticias\" target=\"_blank\">Facebook<\/a><\/strong><\/p>\n<p style=\"text-align: justify;\"><em><strong>Informa\u00e7\u00f5es da Ag\u00eancia Brasil<\/strong><\/em><\/p>\n<p style=\"text-align: justify;\">\n","protected":false},"excerpt":{"rendered":"<p>&nbsp; Durante o feriado prolongado, iniciado no \u00faltimo s\u00e1bado (10) e finalizado ontem (12), a Pol\u00edcia Rodovi\u00e1ria Federal (PRF) registrou 1.037 acidentes e 71 \u00f3bitos em rodovias federais que cortam o pa\u00eds. A Opera\u00e7\u00e3o Aparecida come\u00e7ou na sexta-feira (9). De acordo com balan\u00e7o preliminar divulgado hoje (13), durante o per\u00edodo, homens da corpora\u00e7\u00e3o fiscalizaram 92.038 [&hellip;]<\/p>\n","protected":false},"author":1,"featured_media":69859,"comment_status":"closed","ping_status":"closed","sticky":false,"template":"","format":"standard","meta":{"footnotes":""},"categories":[310,7],"tags":[],"class_list":{"0":"post-84823","1":"post","2":"type-post","3":"status-publish","4":"format-standard","5":"has-post-thumbnail","7":"category-destaques-da-semana","8":"category-policia"},"_links":{"self":[{"href":"https:\/\/senoticias.com.br\/se\/wp-json\/wp\/v2\/posts\/84823"}],"collection":[{"href":"https:\/\/senoticias.com.br\/se\/wp-json\/wp\/v2\/posts"}],"about":[{"href":"https:\/\/senoticias.com.br\/se\/wp-json\/wp\/v2\/types\/post"}],"author":[{"embeddable":true,"href":"https:\/\/senoticias.com.br\/se\/wp-json\/wp\/v2\/users\/1"}],"replies":[{"embeddable":true,"href":"https:\/\/senoticias.com.br\/se\/wp-json\/wp\/v2\/comments?post=84823"}],"version-history":[{"count":0,"href":"https:\/\/senoticias.com.br\/se\/wp-json\/wp\/v2\/posts\/84823\/revisions"}],"wp:featuredmedia":[{"embeddable":true,"href":"https:\/\/senoticias.com.br\/se\/wp-json\/wp\/v2\/media\/69859"}],"wp:attachment":[{"href":"https:\/\/senoticias.com.br\/se\/wp-json\/wp\/v2\/media?parent=84823"}],"wp:term":[{"taxonomy":"category","embeddable":true,"href":"https:\/\/senoticias.com.br\/se\/wp-json\/wp\/v2\/categories?post=84823"},{"taxonomy":"post_tag","embeddable":true,"href":"https:\/\/senoticias.com.br\/se\/wp-json\/wp\/v2\/tags?post=84823"}],"curies":[{"name":"wp","href":"https:\/\/api.w.org\/{rel}","templated":true}]}}