{"id":84820,"date":"2015-10-13T07:16:43","date_gmt":"2015-10-13T10:16:43","guid":{"rendered":"http:\/\/senoticias.com.br\/se\/?p=84820"},"modified":"2015-10-14T14:41:01","modified_gmt":"2015-10-14T17:41:01","slug":"tres-pessoas-sao-assassinadas-a-tiros-na-noite-desta-segunda-feira-em-sao-cristovao","status":"publish","type":"post","link":"https:\/\/senoticias.com.br\/se\/tres-pessoas-sao-assassinadas-a-tiros-na-noite-desta-segunda-feira-em-sao-cristovao\/","title":{"rendered":"Tr\u00eas pessoas s\u00e3o assassinadas a tiros na noite desta segunda-feira, em S\u00e3o Crist\u00f3v\u00e3o"},"content":{"rendered":"<p>&nbsp;<\/p>\n<p style=\"text-align: justify;\">Tr\u00eas pessoas foram assassinadas a tiros na noite desta segunda-feira (12), feriado do dia das crian\u00e7as na localidade conhecida como Beco do A\u00e7\u00facar em S\u00e3o Crist\u00f3v\u00e3o. O crime teria sido praticado por quatro homens que estariam encapuzados e que se passaram por policiais e que assim que se aproximaram efetuaram diversos disparos.<\/p>\n<div id=\"attachment_84822\" style=\"width: 608px\" class=\"wp-caption aligncenter\"><a href=\"http:\/\/senoticias.com.br\/se\/wp-content\/uploads\/2015\/10\/12096068_1927505894142191_6034360144771727066_n-e1444732239177.jpg\"><img loading=\"lazy\" decoding=\"async\" aria-describedby=\"caption-attachment-84822\" class=\"size-full wp-image-84822\" alt=\"As v\u00edtimas do triplo homic\u00eddio foram um casal e um primo da fam\u00edlia. Ningu\u00e9m foi preso at\u00e9 o momento.(Foto: RW News)\" src=\"http:\/\/senoticias.com.br\/se\/wp-content\/uploads\/2015\/10\/12096068_1927505894142191_6034360144771727066_n-e1444732239177.jpg\" width=\"598\" height=\"449\" \/><\/a><p id=\"caption-attachment-84822\" class=\"wp-caption-text\">As v\u00edtimas do triplo homic\u00eddio foram um casal e um primo da fam\u00edlia. Ningu\u00e9m foi preso at\u00e9 o momento. (Foto: RW News)<\/p><\/div>\n<p style=\"text-align: justify;\">As informa\u00e7\u00f5es que foram executados a tiros o casal, Nailson Oliveira Matos e Gilvaneide dos Santos, al\u00e9m do primo do casal, identificado como sendo Cristiano dos Santos. Os tr\u00eas morreram no local, em frente aos filhos menores. Gilveneide deixa sete filhos menores, al\u00e9m de outras quatro crian\u00e7as filhos do primo. Das onze crian\u00e7as \u00f3rf\u00e3os, dois s\u00e3o especiais.<\/p>\n<p style=\"text-align: justify;\">O crime ser\u00e1 investigado pela delegada Rosana Freitas da 5\u00aa Divis\u00e3o do Departamento de Homic\u00eddios e Prote\u00e7\u00e3o \u00e0 Pessoa (DHPP)<\/p>\n<p style=\"text-align: justify;\"><em>Munir Darrage com \u00a0informa\u00e7\u00f5es \u00a0do programa Jornal da Ilha, com Magna Santana, Jailton Santana e Alex Carvalho.<\/em><\/p>\n<p style=\"text-align: justify;\"><strong>Acompanhe o SE Not\u00edcias no\u00a0<a href=\"https:\/\/twitter.com\/Senoticias\" target=\"_blank\">Twitter\u00a0<\/a>e no\u00a0<a href=\"https:\/\/www.facebook.com\/PortalSENoticias\" target=\"_blank\">Facebook<\/a><\/strong><\/p>\n","protected":false},"excerpt":{"rendered":"<p>&nbsp; Tr\u00eas pessoas foram assassinadas a tiros na noite desta segunda-feira (12), feriado do dia das crian\u00e7as na localidade conhecida como Beco do A\u00e7\u00facar em S\u00e3o Crist\u00f3v\u00e3o. O crime teria sido praticado por quatro homens que estariam encapuzados e que se passaram por policiais e que assim que se aproximaram efetuaram diversos disparos. As informa\u00e7\u00f5es [&hellip;]<\/p>\n","protected":false},"author":1,"featured_media":84822,"comment_status":"closed","ping_status":"closed","sticky":false,"template":"","format":"standard","meta":{"footnotes":""},"categories":[15,7],"tags":[],"class_list":{"0":"post-84820","1":"post","2":"type-post","3":"status-publish","4":"format-standard","5":"has-post-thumbnail","7":"category-destaques","8":"category-policia"},"_links":{"self":[{"href":"https:\/\/senoticias.com.br\/se\/wp-json\/wp\/v2\/posts\/84820"}],"collection":[{"href":"https:\/\/senoticias.com.br\/se\/wp-json\/wp\/v2\/posts"}],"about":[{"href":"https:\/\/senoticias.com.br\/se\/wp-json\/wp\/v2\/types\/post"}],"author":[{"embeddable":true,"href":"https:\/\/senoticias.com.br\/se\/wp-json\/wp\/v2\/users\/1"}],"replies":[{"embeddable":true,"href":"https:\/\/senoticias.com.br\/se\/wp-json\/wp\/v2\/comments?post=84820"}],"version-history":[{"count":0,"href":"https:\/\/senoticias.com.br\/se\/wp-json\/wp\/v2\/posts\/84820\/revisions"}],"wp:featuredmedia":[{"embeddable":true,"href":"https:\/\/senoticias.com.br\/se\/wp-json\/wp\/v2\/media\/84822"}],"wp:attachment":[{"href":"https:\/\/senoticias.com.br\/se\/wp-json\/wp\/v2\/media?parent=84820"}],"wp:term":[{"taxonomy":"category","embeddable":true,"href":"https:\/\/senoticias.com.br\/se\/wp-json\/wp\/v2\/categories?post=84820"},{"taxonomy":"post_tag","embeddable":true,"href":"https:\/\/senoticias.com.br\/se\/wp-json\/wp\/v2\/tags?post=84820"}],"curies":[{"name":"wp","href":"https:\/\/api.w.org\/{rel}","templated":true}]}}