{"id":84817,"date":"2015-10-12T19:39:14","date_gmt":"2015-10-12T22:39:14","guid":{"rendered":"http:\/\/senoticias.com.br\/se\/?p=84817"},"modified":"2015-10-13T21:59:27","modified_gmt":"2015-10-14T00:59:27","slug":"jogador-do-flamengo-leva-surra-de-mulher-e-sogro-ao-ser-flagrado-com-duas-prostitutas-em-casa","status":"publish","type":"post","link":"https:\/\/senoticias.com.br\/se\/jogador-do-flamengo-leva-surra-de-mulher-e-sogro-ao-ser-flagrado-com-duas-prostitutas-em-casa\/","title":{"rendered":"Jogador do Flamengo leva surra de mulher e sogro ao ser flagrado com duas prostitutas em casa"},"content":{"rendered":"<p style=\"text-align: justify;\"><em><strong>por L\u00e9o Dias com F\u00e1bia Oliveira \/O Dia<\/strong><\/em><\/p>\n<div id=\"attachment_84819\" style=\"width: 330px\" class=\"wp-caption alignright\"><a href=\"http:\/\/senoticias.com.br\/se\/wp-content\/uploads\/2015\/10\/Flamengo.jpg\"><img loading=\"lazy\" decoding=\"async\" aria-describedby=\"caption-attachment-84819\" class=\"size-full wp-image-84819\" alt=\"Armero foi  flagrado por mulher com prostitutas na cama.(Foto: Reprodu\u00e7\u00e3o\/Net)\" src=\"http:\/\/senoticias.com.br\/se\/wp-content\/uploads\/2015\/10\/Flamengo.jpg\" width=\"320\" height=\"320\" srcset=\"https:\/\/senoticias.com.br\/se\/wp-content\/uploads\/2015\/10\/Flamengo.jpg 320w, https:\/\/senoticias.com.br\/se\/wp-content\/uploads\/2015\/10\/Flamengo-150x150.jpg 150w, https:\/\/senoticias.com.br\/se\/wp-content\/uploads\/2015\/10\/Flamengo-300x300.jpg 300w, https:\/\/senoticias.com.br\/se\/wp-content\/uploads\/2015\/10\/Flamengo-50x50.jpg 50w, https:\/\/senoticias.com.br\/se\/wp-content\/uploads\/2015\/10\/Flamengo-70x70.jpg 70w, https:\/\/senoticias.com.br\/se\/wp-content\/uploads\/2015\/10\/Flamengo-55x55.jpg 55w\" sizes=\"(max-width: 320px) 100vw, 320px\" \/><\/a><p id=\"caption-attachment-84819\" class=\"wp-caption-text\">Pablo Armero foi flagrado por mulher com prostitutas na cama.(Foto: Reprodu\u00e7\u00e3o\/Net)<\/p><\/div>\n<p style=\"text-align: justify;\">O pau quebrou\u00a0no fim do m\u00eas passado com um jogador do Flamengo. De acordo com informa\u00e7\u00f5es do jornal &#8216;O Dia&#8217; em reportagem publicada neste s\u00e1bado, 10, no \u00faltimo dia 30, o lateral colombiano do Flamengo, Pablo Armero, teria organizado uma noitada &#8220;das boas&#8221;. O impresso diz que o atleta levou duas garotas de programa para a sua humilde resid\u00eancia, localizada no condom\u00ednio Riserva Uno, no bairro da Barra da Tijuca, no Rio de Janeiro. A casa \u00e9 a mesma onde ele vive com a\u00a0mulher\u00a0e os filhos.<\/p>\n<p style=\"text-align: justify;\">Pablo Armero estava no bem bom quando sua mulher teria chegado com os filhos a tiracolo, surpreendendo assim o marido. Segundo &#8216;O Dia&#8217;, o jogador teria levado muitos tapas da mulher e tamb\u00e9m do sogro. Como o condom\u00ednio \u00e9 para pessoas ricas e &#8220;finas&#8221;, os vizinhos n\u00e3o gostaram do barraco e tamb\u00e9m come\u00e7aram a berrar. Eles disseram para parar a gritaria e pancadaria, falando que ali n\u00e3o era favela. \u00d4 preconceito, hein!<\/p>\n<p style=\"text-align: justify;\">At\u00e9 a pol\u00edcia foi chamada para apaziguar a situa\u00e7\u00e3o. O craque, no entanto, preferiu n\u00e3o registrar nenhum acusa\u00e7\u00e3o por ter apanhado da mulher e do pai dela. O jornal disse ainda que a assessoria de imprensa do Flamengo se negou a falar sobre o assunto, dizendo que n\u00e3o tem nada com a vida pessoal de seus atletas. Mas e o marketing? N\u00e3o pega mal?<\/p>\n<p style=\"text-align: justify;\">Apesar de dizer que n\u00e3o quer comentar o caso, o clube de Regatas do Flamengo disse que iria avaliar a atitude do jogador internamente. Esse \u00e9 o primeiro grande esc\u00e2ndalo envolvendo a intimidade de um atleta do time de maior torcida do Brasil desde que os novos diretores assumiram o clube. A diretoria do Flamengo estaria conversando com os advogados da marca, para ver se n\u00e3o seria melhor rescindir o contrato com seu lateral. Pablo Armero \u00e9 um dos jogadores mais conhecidos da equipe titular do Flamengo.<\/p>\n<p style=\"text-align: justify;\">A rescis\u00e3o pode realmente ser interessante para o clube, que est\u00e1 tendo que pagar os sal\u00e1rios do jogador, mesmo com ele parado. O atleta teve uma forte ruptura no m\u00fasculo da coxa. Os m\u00e9dicos do time dizem que ele n\u00e3o entrar\u00e1 mais em campo neste ano.<\/p>\n<p><strong>Acompanhe o SE Not\u00edcias no\u00a0<a href=\"https:\/\/twitter.com\/Senoticias\" target=\"_blank\">Twitter\u00a0<\/a>e no\u00a0<a href=\"https:\/\/www.facebook.com\/PortalSENoticias\" target=\"_blank\">Facebook<\/a><\/strong><\/p>\n","protected":false},"excerpt":{"rendered":"<p>por L\u00e9o Dias com F\u00e1bia Oliveira \/O Dia O pau quebrou\u00a0no fim do m\u00eas passado com um jogador do Flamengo. De acordo com informa\u00e7\u00f5es do jornal &#8216;O Dia&#8217; em reportagem publicada neste s\u00e1bado, 10, no \u00faltimo dia 30, o lateral colombiano do Flamengo, Pablo Armero, teria organizado uma noitada &#8220;das boas&#8221;. O impresso diz que [&hellip;]<\/p>\n","protected":false},"author":1,"featured_media":84819,"comment_status":"closed","ping_status":"closed","sticky":false,"template":"","format":"standard","meta":{"footnotes":""},"categories":[310,26],"tags":[],"class_list":{"0":"post-84817","1":"post","2":"type-post","3":"status-publish","4":"format-standard","5":"has-post-thumbnail","7":"category-destaques-da-semana","8":"category-esportes"},"_links":{"self":[{"href":"https:\/\/senoticias.com.br\/se\/wp-json\/wp\/v2\/posts\/84817"}],"collection":[{"href":"https:\/\/senoticias.com.br\/se\/wp-json\/wp\/v2\/posts"}],"about":[{"href":"https:\/\/senoticias.com.br\/se\/wp-json\/wp\/v2\/types\/post"}],"author":[{"embeddable":true,"href":"https:\/\/senoticias.com.br\/se\/wp-json\/wp\/v2\/users\/1"}],"replies":[{"embeddable":true,"href":"https:\/\/senoticias.com.br\/se\/wp-json\/wp\/v2\/comments?post=84817"}],"version-history":[{"count":0,"href":"https:\/\/senoticias.com.br\/se\/wp-json\/wp\/v2\/posts\/84817\/revisions"}],"wp:featuredmedia":[{"embeddable":true,"href":"https:\/\/senoticias.com.br\/se\/wp-json\/wp\/v2\/media\/84819"}],"wp:attachment":[{"href":"https:\/\/senoticias.com.br\/se\/wp-json\/wp\/v2\/media?parent=84817"}],"wp:term":[{"taxonomy":"category","embeddable":true,"href":"https:\/\/senoticias.com.br\/se\/wp-json\/wp\/v2\/categories?post=84817"},{"taxonomy":"post_tag","embeddable":true,"href":"https:\/\/senoticias.com.br\/se\/wp-json\/wp\/v2\/tags?post=84817"}],"curies":[{"name":"wp","href":"https:\/\/api.w.org\/{rel}","templated":true}]}}