{"id":84811,"date":"2015-10-12T10:07:18","date_gmt":"2015-10-12T13:07:18","guid":{"rendered":"http:\/\/senoticias.com.br\/se\/?p=84811"},"modified":"2015-10-14T10:18:26","modified_gmt":"2015-10-14T13:18:26","slug":"sim-eu-trai-joelma-ela-pegou-mensagem-no-meu-celular-confessa-chimbinha","status":"publish","type":"post","link":"https:\/\/senoticias.com.br\/se\/sim-eu-trai-joelma-ela-pegou-mensagem-no-meu-celular-confessa-chimbinha\/","title":{"rendered":"\u201cSim, eu tra\u00ed Joelma, ela pegou mensagem no meu celular\u201d, confessa Chimbinha"},"content":{"rendered":"<p style=\"text-align: justify;\"><strong><em>por Breno Cunha, Portal <a href=\"http:\/\/rd1.ig.com.br\/sim-eu-trai-joelma-ela-pegou-mensagem-no-meu-celular-confessa-chimbinha\/\" target=\"_blank\">IG<\/a><\/em><\/strong><\/p>\n<p style=\"text-align: justify;\">Em entrevista ao \u201cFant\u00e1stico\u201d neste domingo (11), Chimbinha confessou publicamente ter tra\u00eddo Joelma em 2014. Ele acrescentou que pediu perd\u00e3o \u00e0 vocalista do \u201cCalypso\u201d, que descobriu o caso extraconjugal atrav\u00e9s de uma mensagem de celular.<\/p>\n<div id=\"attachment_84812\" style=\"width: 608px\" class=\"wp-caption aligncenter\"><a href=\"http:\/\/senoticias.com.br\/se\/wp-content\/uploads\/2015\/10\/chimbinha2-e1444655217892.jpg\"><img loading=\"lazy\" decoding=\"async\" aria-describedby=\"caption-attachment-84812\" class=\"size-full wp-image-84812\" alt=\"Chimbinha em entrevista ao \u201cFant\u00e1stico\u201d (Foto: reprodu\u00e7\u00e3o\/Globo)\" src=\"http:\/\/senoticias.com.br\/se\/wp-content\/uploads\/2015\/10\/chimbinha2-e1444655217892.jpg\" width=\"598\" height=\"312\" \/><\/a><p id=\"caption-attachment-84812\" class=\"wp-caption-text\">Chimbinha em entrevista ao \u201cFant\u00e1stico\u201d (Foto: reprodu\u00e7\u00e3o\/Globo)<\/p><\/div>\n<p style=\"text-align: justify;\">\u201cSim, eu tra\u00eda Joelma. Isso realmente aconteceu e pedi perd\u00e3o. Ela pegou uma mensagem no meu celular, em outubro do ano passado. Pedi perd\u00e3o para ela, para meus filhos e para os meus f\u00e3s. Pensei que isso estava superado\u201d, disse.<\/p>\n<p style=\"text-align: justify;\">O guitarrista destacou que n\u00e3o sabe o motivo de Joelma ter mudado de atitude e desistido de perdo\u00e1-lo.<\/p>\n<p style=\"text-align: justify;\"><em>\u201cN\u00e3o sei o que aconteceu, mas a Joelma tem umas pessoas que considera como guru e que acabam influenciando muito na vida dela. Tinha horas que estava comigo e era uma maravilha. De repente, ela sa\u00eda com essa guia dela e vinha diferente. Ela acabou sendo influenciada por essas pessoas\u201d, explicou.<\/em><\/p>\n<p style=\"text-align: justify;\"><strong>Acompanhe o SE Not\u00edcias no\u00a0<a href=\"https:\/\/twitter.com\/Senoticias\" target=\"_blank\">Twitter\u00a0<\/a>e no\u00a0<a href=\"https:\/\/www.facebook.com\/PortalSENoticias\" target=\"_blank\">Facebook<\/a><\/strong><\/p>\n<p>&nbsp;<\/p>\n<p>&nbsp;<\/p>\n<p>&nbsp;<\/p>\n","protected":false},"excerpt":{"rendered":"<p>por Breno Cunha, Portal IG Em entrevista ao \u201cFant\u00e1stico\u201d neste domingo (11), Chimbinha confessou publicamente ter tra\u00eddo Joelma em 2014. Ele acrescentou que pediu perd\u00e3o \u00e0 vocalista do \u201cCalypso\u201d, que descobriu o caso extraconjugal atrav\u00e9s de uma mensagem de celular. \u201cSim, eu tra\u00eda Joelma. Isso realmente aconteceu e pedi perd\u00e3o. Ela pegou uma mensagem no [&hellip;]<\/p>\n","protected":false},"author":1,"featured_media":84812,"comment_status":"closed","ping_status":"closed","sticky":false,"template":"","format":"standard","meta":{"footnotes":""},"categories":[310,8],"tags":[],"class_list":{"0":"post-84811","1":"post","2":"type-post","3":"status-publish","4":"format-standard","5":"has-post-thumbnail","7":"category-destaques-da-semana","8":"category-esporte-e-cultura"},"_links":{"self":[{"href":"https:\/\/senoticias.com.br\/se\/wp-json\/wp\/v2\/posts\/84811"}],"collection":[{"href":"https:\/\/senoticias.com.br\/se\/wp-json\/wp\/v2\/posts"}],"about":[{"href":"https:\/\/senoticias.com.br\/se\/wp-json\/wp\/v2\/types\/post"}],"author":[{"embeddable":true,"href":"https:\/\/senoticias.com.br\/se\/wp-json\/wp\/v2\/users\/1"}],"replies":[{"embeddable":true,"href":"https:\/\/senoticias.com.br\/se\/wp-json\/wp\/v2\/comments?post=84811"}],"version-history":[{"count":0,"href":"https:\/\/senoticias.com.br\/se\/wp-json\/wp\/v2\/posts\/84811\/revisions"}],"wp:featuredmedia":[{"embeddable":true,"href":"https:\/\/senoticias.com.br\/se\/wp-json\/wp\/v2\/media\/84812"}],"wp:attachment":[{"href":"https:\/\/senoticias.com.br\/se\/wp-json\/wp\/v2\/media?parent=84811"}],"wp:term":[{"taxonomy":"category","embeddable":true,"href":"https:\/\/senoticias.com.br\/se\/wp-json\/wp\/v2\/categories?post=84811"},{"taxonomy":"post_tag","embeddable":true,"href":"https:\/\/senoticias.com.br\/se\/wp-json\/wp\/v2\/tags?post=84811"}],"curies":[{"name":"wp","href":"https:\/\/api.w.org\/{rel}","templated":true}]}}