{"id":84808,"date":"2015-10-12T09:24:51","date_gmt":"2015-10-12T12:24:51","guid":{"rendered":"http:\/\/senoticias.com.br\/se\/?p=84808"},"modified":"2015-10-13T11:54:18","modified_gmt":"2015-10-13T14:54:18","slug":"84808","status":"publish","type":"post","link":"https:\/\/senoticias.com.br\/se\/84808\/","title":{"rendered":"Casal \u00e9 assassinado em Itabaiana; mulher era acusada de homic\u00eddio"},"content":{"rendered":"<p>&nbsp;<\/p>\n<p style=\"text-align: justify;\">O alvo inicial foi Jenedite Aurora da Silva, conhecida como Jane, 32 anos. Ela era passageiro do ve\u00edculo de duas rodas e foi morta na Rua Marechal Deodoro da Fonseca com Alo\u00edsio Almeida Silva. Na sequ\u00eancia, Ant\u00f4nio Marcos de G\u00f3is, conhecido como Marcolino, 33 anos, mesmo ferido conseguiu empreender fuga, por\u00e9m caiu na Rua Jos\u00e9 Sizino de Almeida com Alo\u00edsio Almeida Silva, e tamb\u00e9m n\u00e3o resistiu.<\/p>\n<div id=\"attachment_84809\" style=\"width: 510px\" class=\"wp-caption aligncenter\"><a href=\"http:\/\/senoticias.com.br\/se\/wp-content\/uploads\/2015\/10\/Itabaiana.jpg\"><img loading=\"lazy\" decoding=\"async\" aria-describedby=\"caption-attachment-84809\" class=\"size-full wp-image-84809\" alt=\"O casal trafegava em um ciclomotor quando um autom\u00f3vel se aproximou e em seguida foram efetuados diversos tiros. (Foto: Gilson de Oliveira)\" src=\"http:\/\/senoticias.com.br\/se\/wp-content\/uploads\/2015\/10\/Itabaiana.jpg\" width=\"500\" height=\"400\" srcset=\"https:\/\/senoticias.com.br\/se\/wp-content\/uploads\/2015\/10\/Itabaiana.jpg 500w, https:\/\/senoticias.com.br\/se\/wp-content\/uploads\/2015\/10\/Itabaiana-300x240.jpg 300w, https:\/\/senoticias.com.br\/se\/wp-content\/uploads\/2015\/10\/Itabaiana-342x273.jpg 342w\" sizes=\"(max-width: 500px) 100vw, 500px\" \/><\/a><p id=\"caption-attachment-84809\" class=\"wp-caption-text\">O casal trafegava em um ciclomotor quando um autom\u00f3vel se aproximou e em seguida foram efetuados diversos tiros. (Foto: Gilson de Oliveira)<\/p><\/div>\n<p style=\"text-align: justify;\">As v\u00edtimas possu\u00edam um relacionamento amoroso e Jane havia sido presa em julho de 2014 com outras duas amigas suspeitas de encomendarem a morte de Maria Creuza Souza Batista, conhecida como Creuza do Bar, em dia 27 de maio daquele mesmo ano, inclusive no \u00faltimo dia 09 de setembro deste ano, tamb\u00e9m ocorreu o assassinato M\u00e1rcia de Jesus Rezende, 32 anos, outra suspeita pelo crime da comerciante.<\/p>\n<p style=\"text-align: justify;\">&#8220;Jane do Bar&#8221;, como a mulher era conhecida, nasceu em Itabaiana (SE), e morava no conjunto Maria do Esp\u00edrito Santo, na regi\u00e3o perif\u00e9rica da cidade serrana, enquanto Ant\u00f4nio Marcos era natural do munic\u00edpio de Frei Paulo (SE).<\/p>\n<p style=\"text-align: justify;\">A ocorr\u00eancia foi registrada pela Pol\u00edcia Militar, atrav\u00e9s do 3.\u00ba Batalh\u00e3o do Agreste, por volta das 20 horas, e tamb\u00e9m pela Pol\u00edcia Civil da Delegacia Regional de Itabaiana, onde foram colhidas informa\u00e7\u00f5es na cena do crime para serem investigados pela Divis\u00e3o de Homic\u00eddios e Prote\u00e7\u00e3o \u00e0 Pessoa.<\/p>\n<p><strong>Acompanhe o SE Not\u00edcias no\u00a0<a href=\"https:\/\/twitter.com\/Senoticias\" target=\"_blank\">Twitter\u00a0<\/a>e no\u00a0<a href=\"https:\/\/www.facebook.com\/PortalSENoticias\" target=\"_blank\">Facebook<\/a><\/strong><\/p>\n<p><strong><em>Texto de <a href=\"http:\/\/www.gilsondeoliveira.com.br\/noticia\/9105\/mulher-suspeita-de-envolvimento-em-crime-de-homicidio-e-executada-a-tiros-juntamente-com-o-marido\" target=\"_blank\">Gilson de Oliveira<\/a>\/Itnet<\/em><\/strong><\/p>\n","protected":false},"excerpt":{"rendered":"<p>&nbsp; O alvo inicial foi Jenedite Aurora da Silva, conhecida como Jane, 32 anos. Ela era passageiro do ve\u00edculo de duas rodas e foi morta na Rua Marechal Deodoro da Fonseca com Alo\u00edsio Almeida Silva. Na sequ\u00eancia, Ant\u00f4nio Marcos de G\u00f3is, conhecido como Marcolino, 33 anos, mesmo ferido conseguiu empreender fuga, por\u00e9m caiu na Rua [&hellip;]<\/p>\n","protected":false},"author":1,"featured_media":84809,"comment_status":"closed","ping_status":"closed","sticky":false,"template":"","format":"standard","meta":{"footnotes":""},"categories":[7],"tags":[],"class_list":{"0":"post-84808","1":"post","2":"type-post","3":"status-publish","4":"format-standard","5":"has-post-thumbnail","7":"category-policia"},"_links":{"self":[{"href":"https:\/\/senoticias.com.br\/se\/wp-json\/wp\/v2\/posts\/84808"}],"collection":[{"href":"https:\/\/senoticias.com.br\/se\/wp-json\/wp\/v2\/posts"}],"about":[{"href":"https:\/\/senoticias.com.br\/se\/wp-json\/wp\/v2\/types\/post"}],"author":[{"embeddable":true,"href":"https:\/\/senoticias.com.br\/se\/wp-json\/wp\/v2\/users\/1"}],"replies":[{"embeddable":true,"href":"https:\/\/senoticias.com.br\/se\/wp-json\/wp\/v2\/comments?post=84808"}],"version-history":[{"count":0,"href":"https:\/\/senoticias.com.br\/se\/wp-json\/wp\/v2\/posts\/84808\/revisions"}],"wp:featuredmedia":[{"embeddable":true,"href":"https:\/\/senoticias.com.br\/se\/wp-json\/wp\/v2\/media\/84809"}],"wp:attachment":[{"href":"https:\/\/senoticias.com.br\/se\/wp-json\/wp\/v2\/media?parent=84808"}],"wp:term":[{"taxonomy":"category","embeddable":true,"href":"https:\/\/senoticias.com.br\/se\/wp-json\/wp\/v2\/categories?post=84808"},{"taxonomy":"post_tag","embeddable":true,"href":"https:\/\/senoticias.com.br\/se\/wp-json\/wp\/v2\/tags?post=84808"}],"curies":[{"name":"wp","href":"https:\/\/api.w.org\/{rel}","templated":true}]}}