{"id":84805,"date":"2015-10-11T19:53:27","date_gmt":"2015-10-11T22:53:27","guid":{"rendered":"http:\/\/senoticias.com.br\/se\/?p=84805"},"modified":"2015-10-11T20:01:43","modified_gmt":"2015-10-11T23:01:43","slug":"prefeito-e-diretor-do-jornal-correio-de-sergipe-denunciados-pelo-mpf","status":"publish","type":"post","link":"https:\/\/senoticias.com.br\/se\/prefeito-e-diretor-do-jornal-correio-de-sergipe-denunciados-pelo-mpf\/","title":{"rendered":"Ex-prefeito e diretor do Jornal Correio de Sergipe denunciados pelo MPF"},"content":{"rendered":"<p style=\"text-align: justify;\">A Procuradoria Regional\u00a0Eleitoral\u00a0em Sergipe (PRE\/SE) denunciou o ex-prefeito de Nossa Senhora das Dores, Fernando Lima, e o ent\u00e3o diretor executivo do Correio de Sergipe, Elvando da Silva Freitas, por falsificar exemplares do jornal. O objetivo era comprovar que foi publicada a convoca\u00e7\u00e3o para nova conven\u00e7\u00e3o municipal do Partido Democr\u00e1tico dos Trabalhadores (PDT), que escolheu Fernando Lima como candidato a prefeito no processo eleitoral de 2012.<\/p>\n<p style=\"text-align: justify;\">Segundo as\u00a0investiga\u00e7\u00f5es, durante o per\u00edodo de conven\u00e7\u00f5es municipais em 2012, o PDT havia escolhido como candidatos a prefeito e vice-prefeito, respectivamente, Thiago de Souza Santos e Manoel Messias Alves de Almeida. Mas posteriormente essas candidaturas foram indeferidas pelo diret\u00f3rio regional do partido, convocando nova conven\u00e7\u00e3o em que foi escolhido Fernando Lima Costa como candidato a prefeito.<\/p>\n<p style=\"text-align: justify;\">Na\u00a0\u00e9poca, para fazer prova da regularidade do indeferimento da candidatura de Thiago Santos, Fernando Lima apresentou \u00e0 Justi\u00e7a Eleitoral um exemplar falso do Correio de Sergipe, com data de 26 de junho de 2012. Nesse dia, conforme arquivos da biblioteca municipal Epif\u00e2nio D\u00f3rea e da biblioteca municipal de Aracaju, o Correio de Sergipe foi distribu\u00eddo com 28 p\u00e1ginas \u2013 o que consta tamb\u00e9m na capa da edi\u00e7\u00e3o \u2013 ao inv\u00e9s de 32, como foi entregue ao Tribunal Regional Eleitoral (TRE).<\/p>\n<p style=\"text-align: justify;\">As quatro p\u00e1ginas suplementares eram falsas e iam da se\u00e7\u00e3o B9 a B12. Al\u00e9m disso, traziam not\u00edcias que aconteceriam depois da publica\u00e7\u00e3o do jornal e, principalmente, um edital de convoca\u00e7\u00e3o do PDT, que n\u00e3o existia em sua edi\u00e7\u00e3o comum, para a realiza\u00e7\u00e3o das conven\u00e7\u00f5es municipais.<\/p>\n<div id=\"attachment_42823\" style=\"width: 608px\" class=\"wp-caption aligncenter\"><a href=\"http:\/\/senoticias.com.br\/se\/wp-content\/uploads\/2013\/01\/FERNANDO-LIMA-DIVULGA\u00c7\u00c3O-e1441409080359.jpg\"><img loading=\"lazy\" decoding=\"async\" aria-describedby=\"caption-attachment-42823\" class=\"size-full wp-image-42823\" alt=\"Ex-prefeito de Nossa Senhora das Dores, Fernando Lima. Arquivo(Ascom\/Dores)\" src=\"http:\/\/senoticias.com.br\/se\/wp-content\/uploads\/2013\/01\/FERNANDO-LIMA-DIVULGA\u00c7\u00c3O-e1441409080359.jpg\" width=\"598\" height=\"396\" \/><\/a><p id=\"caption-attachment-42823\" class=\"wp-caption-text\">Ex-prefeito de Nossa Senhora das Dores, Fernando Lima. (Foto: Arquivo\/Ascom\/Dores)<\/p><\/div>\n<p style=\"text-align: justify;\">Ainda segundo o que foi apurado, em depoimento \u00e0 Justi\u00e7a Eleitoral, Elvando Freitas confirmou que as p\u00e1ginas falsificadas estavam sob os seus cuidados, mas justificou que por falha no processo de encarte alguns exemplares n\u00e3o teriam circulado com o caderno. O ent\u00e3o editor-chefe do Correio de Sergipe, Raimundo de Brito Ferreira, por\u00e9m, disse desconhecer a exist\u00eancia dessas p\u00e1ginas. Elvando Freitas e Fernando Lima chegaram ainda a apresentar uma declara\u00e7\u00e3o, assinada pelos dois, confirmando a exist\u00eancia das p\u00e1ginas falsas.<\/p>\n<p style=\"text-align: justify;\">Para a PRE\/SE, n\u00e3o h\u00e1 d\u00favidas quanto a participa\u00e7\u00e3o de Elvando Freitas e Fernando Lima na autoria dos crimes, com o intuito de, por meio de\u00a0informa\u00e7\u00f5es\u00a0falsas, afetar o processo eleitoral.<\/p>\n<p style=\"text-align: justify;\"><strong>Crimes<\/strong> &#8211; Na den\u00fancia, a PRE\/SE pede a condena\u00e7\u00e3o de Fernando Lima e Elvando Freitas pelos crimes de falsifica\u00e7\u00e3o de documentos; uso de documentos falsos; e falsidade ideol\u00f3gica eleitoral. Somadas, as penas dos crimes podem ultrapassar dez anos de reclus\u00e3o.<\/p>\n<p style=\"text-align: justify;\">A\u00e7\u00e3o ser\u00e1 julgada em primeiro grau &#8211; Ap\u00f3s o oferecimento da den\u00fancia da PRE\/SE, o mandato de Fernando Lima foi cassado pelo Tribunal Regional Federal da 5\u00aa Regi\u00e3o em outro processo, por fraude em licita\u00e7\u00f5es com recursos do Minist\u00e9rio das Cidades. Por ter perdido o foro, a PRE pediu que a a\u00e7\u00e3o fosse enviada para ser julgada pela Justi\u00e7a Eleitoral em primeiro grau.<\/p>\n<p style=\"text-align: justify;\"><strong>Acompanhe o SE Not\u00edcias no\u00a0<a href=\"https:\/\/twitter.com\/Senoticias\" target=\"_blank\">Twitter\u00a0<\/a>e no\u00a0<a href=\"https:\/\/www.facebook.com\/PortalSENoticias\" target=\"_blank\">Facebook<\/a><\/strong><\/p>\n<p style=\"text-align: justify;\"><em><strong>por Ascom<\/strong>\/<strong>MPF\/SE<\/strong><\/em><\/p>\n","protected":false},"excerpt":{"rendered":"<p>A Procuradoria Regional\u00a0Eleitoral\u00a0em Sergipe (PRE\/SE) denunciou o ex-prefeito de Nossa Senhora das Dores, Fernando Lima, e o ent\u00e3o diretor executivo do Correio de Sergipe, Elvando da Silva Freitas, por falsificar exemplares do jornal. O objetivo era comprovar que foi publicada a convoca\u00e7\u00e3o para nova conven\u00e7\u00e3o municipal do Partido Democr\u00e1tico dos Trabalhadores (PDT), que escolheu Fernando [&hellip;]<\/p>\n","protected":false},"author":1,"featured_media":42823,"comment_status":"closed","ping_status":"closed","sticky":false,"template":"","format":"standard","meta":{"footnotes":""},"categories":[6],"tags":[],"class_list":{"0":"post-84805","1":"post","2":"type-post","3":"status-publish","4":"format-standard","5":"has-post-thumbnail","7":"category-politica"},"_links":{"self":[{"href":"https:\/\/senoticias.com.br\/se\/wp-json\/wp\/v2\/posts\/84805"}],"collection":[{"href":"https:\/\/senoticias.com.br\/se\/wp-json\/wp\/v2\/posts"}],"about":[{"href":"https:\/\/senoticias.com.br\/se\/wp-json\/wp\/v2\/types\/post"}],"author":[{"embeddable":true,"href":"https:\/\/senoticias.com.br\/se\/wp-json\/wp\/v2\/users\/1"}],"replies":[{"embeddable":true,"href":"https:\/\/senoticias.com.br\/se\/wp-json\/wp\/v2\/comments?post=84805"}],"version-history":[{"count":0,"href":"https:\/\/senoticias.com.br\/se\/wp-json\/wp\/v2\/posts\/84805\/revisions"}],"wp:featuredmedia":[{"embeddable":true,"href":"https:\/\/senoticias.com.br\/se\/wp-json\/wp\/v2\/media\/42823"}],"wp:attachment":[{"href":"https:\/\/senoticias.com.br\/se\/wp-json\/wp\/v2\/media?parent=84805"}],"wp:term":[{"taxonomy":"category","embeddable":true,"href":"https:\/\/senoticias.com.br\/se\/wp-json\/wp\/v2\/categories?post=84805"},{"taxonomy":"post_tag","embeddable":true,"href":"https:\/\/senoticias.com.br\/se\/wp-json\/wp\/v2\/tags?post=84805"}],"curies":[{"name":"wp","href":"https:\/\/api.w.org\/{rel}","templated":true}]}}