{"id":84681,"date":"2015-10-07T10:20:06","date_gmt":"2015-10-07T13:20:06","guid":{"rendered":"http:\/\/senoticias.com.br\/se\/?p=84681"},"modified":"2015-10-08T13:46:30","modified_gmt":"2015-10-08T16:46:30","slug":"pesquisa-aponta-que-metade-do-brasil-considera-que-bandido-bom-e-bandido-morto","status":"publish","type":"post","link":"https:\/\/senoticias.com.br\/se\/pesquisa-aponta-que-metade-do-brasil-considera-que-bandido-bom-e-bandido-morto\/","title":{"rendered":"Pesquisa aponta que metade do Brasil considera que &#8220;bandido bom \u00e9 bandido morto&#8221;"},"content":{"rendered":"<div id=\"attachment_84683\" style=\"width: 490px\" class=\"wp-caption alignright\"><a href=\"http:\/\/senoticias.com.br\/se\/wp-content\/uploads\/2015\/10\/bandido.jpg\"><img loading=\"lazy\" decoding=\"async\" aria-describedby=\"caption-attachment-84683\" class=\"size-full wp-image-84683\" alt=\"Foto: Fernando Fraz\u00e3o\/Ag\u00eancia Brasil\" src=\"http:\/\/senoticias.com.br\/se\/wp-content\/uploads\/2015\/10\/bandido.jpg\" width=\"480\" height=\"360\" srcset=\"https:\/\/senoticias.com.br\/se\/wp-content\/uploads\/2015\/10\/bandido.jpg 480w, https:\/\/senoticias.com.br\/se\/wp-content\/uploads\/2015\/10\/bandido-300x225.jpg 300w, https:\/\/senoticias.com.br\/se\/wp-content\/uploads\/2015\/10\/bandido-342x256.jpg 342w, https:\/\/senoticias.com.br\/se\/wp-content\/uploads\/2015\/10\/bandido-60x45.jpg 60w, https:\/\/senoticias.com.br\/se\/wp-content\/uploads\/2015\/10\/bandido-150x113.jpg 150w, https:\/\/senoticias.com.br\/se\/wp-content\/uploads\/2015\/10\/bandido-269x201.jpg 269w\" sizes=\"(max-width: 480px) 100vw, 480px\" \/><\/a><p id=\"caption-attachment-84683\" class=\"wp-caption-text\">Foto: Fernando Fraz\u00e3o\/Ag\u00eancia Brasil<\/p><\/div>\n<p style=\"text-align: justify;\">O Instituto Datafolha divulgou, na manh\u00e3 de segunda-feira(5), uma pesquisa cujo resultado mais significativo \u00e9 a concord\u00e2ncia de 50% dos entrevistados com a pol\u00eamica frase &#8220;bandido bom \u00e9 bandido morto&#8221;, de acordo com o jornal\u00a0<em>Folha de S.Paulo<\/em>.<\/p>\n<p style=\"text-align: justify;\">45% dos entrevistados discordam da frase; outros 5% n\u00e3o souberam responder ou n\u00e3o concordam nem discordam. Foram 1.307 pessoas entrevistadas pelo Datafolha em 84 cidades com mais de 100 mil habitantes, em pesquisa encomendada pela ONG F\u00f3rum Brasileiro de Seguran\u00e7a P\u00fablica.<\/p>\n<p style=\"text-align: justify;\">A margem de erro \u00e9 de tr\u00eas pontos percentuais para mais ou para menos, o que significa um empate t\u00e9cnico entre as opini\u00f5es.<\/p>\n<div style=\"text-align: justify;\">\n<p><strong><strong><strong>Perfil dos entrevistados<\/strong><\/strong><\/strong><\/p>\n<\/div>\n<div style=\"text-align: justify;\">\n<p>O levantamento aponta que entre os homens, 52% concordam com o pensamento pol\u00eamico, contra 45% que discordam. J\u00e1 48% das mulheres concordam e 46% discordam.Por idade, a frase \u00e9 mais aprovada entre os mais velhos. 65% dos entrevistados que t\u00eam 60 anos ou mais concordam. Dos 16 aos 24 anos, o percentual \u00e9 de 42%.Pela cor da pele, a diferen\u00e7a \u00e9 maior. Entre os brancos, 53% concordam, contra 41%. Para os negros, 50% discordam e 44% concordam. Por regi\u00e3o, a maior diferen\u00e7a est\u00e1 no Sul, onde 37% discordam e 54% concordam. No Sudeste, equil\u00edbrio: tanto entre os que concordam quanto entre os que discordam o \u00edndice \u00e9 de 48%.<\/p>\n<p><strong><strong><strong><strong>Acompanhe o SE Not\u00edcias no\u00a0<a href=\"https:\/\/twitter.com\/Senoticias\" target=\"_blank\">Twitter\u00a0<\/a>e no\u00a0<a href=\"https:\/\/www.facebook.com\/PortalSENoticias\" target=\"_blank\">Facebook<\/a><\/strong><\/strong><br \/>\n<\/strong><\/strong><em><strong><\/strong><\/em><\/p>\n<p>Reda\u00e7\u00e3o\/Datafolha<\/p>\n<\/div>\n","protected":false},"excerpt":{"rendered":"<p>O Instituto Datafolha divulgou, na manh\u00e3 de segunda-feira(5), uma pesquisa cujo resultado mais significativo \u00e9 a concord\u00e2ncia de 50% dos entrevistados com a pol\u00eamica frase &#8220;bandido bom \u00e9 bandido morto&#8221;, de acordo com o jornal\u00a0Folha de S.Paulo. 45% dos entrevistados discordam da frase; outros 5% n\u00e3o souberam responder ou n\u00e3o concordam nem discordam. Foram 1.307 [&hellip;]<\/p>\n","protected":false},"author":1,"featured_media":84683,"comment_status":"closed","ping_status":"closed","sticky":false,"template":"","format":"standard","meta":{"footnotes":""},"categories":[310,7],"tags":[],"class_list":{"0":"post-84681","1":"post","2":"type-post","3":"status-publish","4":"format-standard","5":"has-post-thumbnail","7":"category-destaques-da-semana","8":"category-policia"},"_links":{"self":[{"href":"https:\/\/senoticias.com.br\/se\/wp-json\/wp\/v2\/posts\/84681"}],"collection":[{"href":"https:\/\/senoticias.com.br\/se\/wp-json\/wp\/v2\/posts"}],"about":[{"href":"https:\/\/senoticias.com.br\/se\/wp-json\/wp\/v2\/types\/post"}],"author":[{"embeddable":true,"href":"https:\/\/senoticias.com.br\/se\/wp-json\/wp\/v2\/users\/1"}],"replies":[{"embeddable":true,"href":"https:\/\/senoticias.com.br\/se\/wp-json\/wp\/v2\/comments?post=84681"}],"version-history":[{"count":0,"href":"https:\/\/senoticias.com.br\/se\/wp-json\/wp\/v2\/posts\/84681\/revisions"}],"wp:featuredmedia":[{"embeddable":true,"href":"https:\/\/senoticias.com.br\/se\/wp-json\/wp\/v2\/media\/84683"}],"wp:attachment":[{"href":"https:\/\/senoticias.com.br\/se\/wp-json\/wp\/v2\/media?parent=84681"}],"wp:term":[{"taxonomy":"category","embeddable":true,"href":"https:\/\/senoticias.com.br\/se\/wp-json\/wp\/v2\/categories?post=84681"},{"taxonomy":"post_tag","embeddable":true,"href":"https:\/\/senoticias.com.br\/se\/wp-json\/wp\/v2\/tags?post=84681"}],"curies":[{"name":"wp","href":"https:\/\/api.w.org\/{rel}","templated":true}]}}