{"id":84511,"date":"2015-10-01T22:02:59","date_gmt":"2015-10-02T01:02:59","guid":{"rendered":"http:\/\/senoticias.com.br\/se\/?p=84511"},"modified":"2015-10-03T19:54:40","modified_gmt":"2015-10-03T22:54:40","slug":"homem-denuncia-tentativa-de-homicidio-e-acaba-preso","status":"publish","type":"post","link":"https:\/\/senoticias.com.br\/se\/homem-denuncia-tentativa-de-homicidio-e-acaba-preso\/","title":{"rendered":"Homem denuncia tentativa de homic\u00eddio e acaba preso, em Itabaiana"},"content":{"rendered":"<p style=\"text-align: justify;\">Na manh\u00e3 desta quinta-feira (1\u00ba) um homem se dirigiu at\u00e9 o 3\u00ba Batalh\u00e3o de Pol\u00edcia Militar (3\u00ba BPM), em Itabaiana (SE), e solicitou falar com o tenente-coronel Reinaldo Chaves sob a alega\u00e7\u00e3o de uma den\u00fancia de tentativa de homic\u00eddio que havia sofrido.<\/p>\n<div id=\"attachment_84512\" style=\"width: 550px\" class=\"wp-caption aligncenter\"><a href=\"http:\/\/senoticias.com.br\/se\/wp-content\/uploads\/2015\/10\/prisao4.jpg\"><img loading=\"lazy\" decoding=\"async\" aria-describedby=\"caption-attachment-84512\" class=\"size-full wp-image-84512\" alt=\"Al\u00e9m de constar mandado de pris\u00e3o em aberto em desfavor do elemento, BO registrado ontem pela m\u00e3e do preso ralata que ele tentou mat\u00e1-la.\" src=\"http:\/\/senoticias.com.br\/se\/wp-content\/uploads\/2015\/10\/prisao4.jpg\" width=\"540\" height=\"833\" srcset=\"https:\/\/senoticias.com.br\/se\/wp-content\/uploads\/2015\/10\/prisao4.jpg 540w, https:\/\/senoticias.com.br\/se\/wp-content\/uploads\/2015\/10\/prisao4-194x300.jpg 194w, https:\/\/senoticias.com.br\/se\/wp-content\/uploads\/2015\/10\/prisao4-342x527.jpg 342w, https:\/\/senoticias.com.br\/se\/wp-content\/uploads\/2015\/10\/prisao4-300x462.jpg 300w\" sizes=\"(max-width: 540px) 100vw, 540px\" \/><\/a><p id=\"caption-attachment-84512\" class=\"wp-caption-text\">Al\u00e9m de constar mandado de pris\u00e3o em aberto em desfavor do elemento, BO registrado ontem pela m\u00e3e do preso ralata que ele tentou mat\u00e1-la.<\/p><\/div>\n<p style=\"text-align: justify;\">Mediante a orienta\u00e7\u00e3o por parte dos policiais para que fosse prestado um boletim de ocorr\u00eancia (BO) na Delegacia Regional, o cidad\u00e3o, identificado como Jos\u00e9 da Silva Mota, 30 anos, ex-presidi\u00e1rio, morador do munic\u00edpio de S\u00e3o Domingos (SE), insistiu em ser ouvido pelo comandante e acabou sendo preso ap\u00f3s ser verificado um mandado de pris\u00e3o em aberto em desfavor dele.<\/p>\n<p style=\"text-align: justify;\">De acordo com informa\u00e7\u00f5es repassadas por Chaves, ontem foi registrado um BO, no qual a m\u00e3e de Jos\u00e9 o acusa de ter tentado mat\u00e1-la.<\/p>\n<p style=\"text-align: justify;\"><strong>Acompanhe o SE Not\u00edcias no\u00a0<a href=\"https:\/\/twitter.com\/Senoticias\" target=\"_blank\">Twitter\u00a0<\/a>e no\u00a0<a href=\"https:\/\/www.facebook.com\/PortalSENoticias\" target=\"_blank\">Facebook<\/a><\/strong><\/p>\n<p style=\"text-align: justify;\"><em><strong>Informa\u00e7\u00f5es do Portal Itnet\u00a0<\/strong><\/em><\/p>\n","protected":false},"excerpt":{"rendered":"<p>Na manh\u00e3 desta quinta-feira (1\u00ba) um homem se dirigiu at\u00e9 o 3\u00ba Batalh\u00e3o de Pol\u00edcia Militar (3\u00ba BPM), em Itabaiana (SE), e solicitou falar com o tenente-coronel Reinaldo Chaves sob a alega\u00e7\u00e3o de uma den\u00fancia de tentativa de homic\u00eddio que havia sofrido. Mediante a orienta\u00e7\u00e3o por parte dos policiais para que fosse prestado um boletim [&hellip;]<\/p>\n","protected":false},"author":1,"featured_media":84512,"comment_status":"closed","ping_status":"closed","sticky":false,"template":"","format":"standard","meta":{"footnotes":""},"categories":[7],"tags":[],"class_list":{"0":"post-84511","1":"post","2":"type-post","3":"status-publish","4":"format-standard","5":"has-post-thumbnail","7":"category-policia"},"_links":{"self":[{"href":"https:\/\/senoticias.com.br\/se\/wp-json\/wp\/v2\/posts\/84511"}],"collection":[{"href":"https:\/\/senoticias.com.br\/se\/wp-json\/wp\/v2\/posts"}],"about":[{"href":"https:\/\/senoticias.com.br\/se\/wp-json\/wp\/v2\/types\/post"}],"author":[{"embeddable":true,"href":"https:\/\/senoticias.com.br\/se\/wp-json\/wp\/v2\/users\/1"}],"replies":[{"embeddable":true,"href":"https:\/\/senoticias.com.br\/se\/wp-json\/wp\/v2\/comments?post=84511"}],"version-history":[{"count":0,"href":"https:\/\/senoticias.com.br\/se\/wp-json\/wp\/v2\/posts\/84511\/revisions"}],"wp:featuredmedia":[{"embeddable":true,"href":"https:\/\/senoticias.com.br\/se\/wp-json\/wp\/v2\/media\/84512"}],"wp:attachment":[{"href":"https:\/\/senoticias.com.br\/se\/wp-json\/wp\/v2\/media?parent=84511"}],"wp:term":[{"taxonomy":"category","embeddable":true,"href":"https:\/\/senoticias.com.br\/se\/wp-json\/wp\/v2\/categories?post=84511"},{"taxonomy":"post_tag","embeddable":true,"href":"https:\/\/senoticias.com.br\/se\/wp-json\/wp\/v2\/tags?post=84511"}],"curies":[{"name":"wp","href":"https:\/\/api.w.org\/{rel}","templated":true}]}}