{"id":84484,"date":"2015-09-30T23:23:29","date_gmt":"2015-10-01T02:23:29","guid":{"rendered":"http:\/\/senoticias.com.br\/se\/?p=84484"},"modified":"2015-10-01T14:14:17","modified_gmt":"2015-10-01T17:14:17","slug":"policia-recaptura-no-rosa-elze-foragido-baiano-de-alta-periculosidade","status":"publish","type":"post","link":"https:\/\/senoticias.com.br\/se\/policia-recaptura-no-rosa-elze-foragido-baiano-de-alta-periculosidade\/","title":{"rendered":"Pol\u00edcia recaptura no Rosa Elze foragido baiano de alta periculosidade"},"content":{"rendered":"<div id=\"attachment_84486\" style=\"width: 310px\" class=\"wp-caption alignright\"><a href=\"http:\/\/senoticias.com.br\/se\/wp-content\/uploads\/2015\/09\/bahiano.jpg\"><img loading=\"lazy\" decoding=\"async\" aria-describedby=\"caption-attachment-84486\" class=\"size-medium wp-image-84486\" alt=\"Manoel Conrado Pereira Filho, 48 anos, conhecido como 'Val'. (Foto: SSP\/SE)\" src=\"http:\/\/senoticias.com.br\/se\/wp-content\/uploads\/2015\/09\/bahiano-300x241.jpg\" width=\"300\" height=\"241\" srcset=\"https:\/\/senoticias.com.br\/se\/wp-content\/uploads\/2015\/09\/bahiano-300x241.jpg 300w, https:\/\/senoticias.com.br\/se\/wp-content\/uploads\/2015\/09\/bahiano-342x275.jpg 342w, https:\/\/senoticias.com.br\/se\/wp-content\/uploads\/2015\/09\/bahiano.jpg 472w\" sizes=\"(max-width: 300px) 100vw, 300px\" \/><\/a><p id=\"caption-attachment-84486\" class=\"wp-caption-text\">Manoel Conrado Pereira Filho, 48 anos, conhecido como &#8216;Val&#8217;. (Foto: SSP\/SE)<\/p><\/div>\n<p style=\"text-align: justify;\">Agentes do Departamento de Narc\u00f3ticos (Denarc) recapturaram, na manh\u00e3 desta quarta-feira, 30, o foragido da Justi\u00e7a baiana, Manoel Conrado Pereira Filho, 48 anos, conhecido como &#8216;Val&#8217;, no Bairro Rosa Elze, munic\u00edpio de S\u00e3o Crist\u00f3v\u00e3o.<\/p>\n<p style=\"text-align: justify;\">Ap\u00f3s uma den\u00fancia atrav\u00e9s do 181, os agentes fizeram dilig\u00eancias at\u00e9 o local e encontraram o foragido em seu domic\u00edlio, no qual residia h\u00e1 dois anos. Na a\u00e7\u00e3o, Val teria confessado que estaria foragido desde 2011, quando evadiu-se do Pres\u00eddio Lemos de Brito, em Salvador, ap\u00f3s ser liberado na sa\u00edda tempor\u00e1ria da Semana Santa.<\/p>\n<p style=\"text-align: justify;\">Ele atuava em Salvador e na Regi\u00e3o Metropolitana e foi indiciado por latroc\u00ednio e tr\u00e1fico de drogas. Ap\u00f3s a pris\u00e3o, o foragido foi encaminhado a uma delegacia da capital sergipana para ser recambiado ao pres\u00eddio de Salvador.<\/p>\n<h2><strong>Acompanhe o SE Not\u00edcias no\u00a0<a href=\"https:\/\/twitter.com\/Senoticias\" target=\"_blank\">Twitter\u00a0<\/a>e no\u00a0<a href=\"https:\/\/www.facebook.com\/PortalSENoticias\" target=\"_blank\">Facebook<\/a><\/strong><\/h2>\n<p><em><strong>Informa\u00e7\u00f5es da SSP\/SE<\/strong><\/em><\/p>\n","protected":false},"excerpt":{"rendered":"<p>Agentes do Departamento de Narc\u00f3ticos (Denarc) recapturaram, na manh\u00e3 desta quarta-feira, 30, o foragido da Justi\u00e7a baiana, Manoel Conrado Pereira Filho, 48 anos, conhecido como &#8216;Val&#8217;, no Bairro Rosa Elze, munic\u00edpio de S\u00e3o Crist\u00f3v\u00e3o. Ap\u00f3s uma den\u00fancia atrav\u00e9s do 181, os agentes fizeram dilig\u00eancias at\u00e9 o local e encontraram o foragido em seu domic\u00edlio, no [&hellip;]<\/p>\n","protected":false},"author":1,"featured_media":84486,"comment_status":"closed","ping_status":"closed","sticky":false,"template":"","format":"standard","meta":{"footnotes":""},"categories":[7,1],"tags":[],"class_list":{"0":"post-84484","1":"post","2":"type-post","3":"status-publish","4":"format-standard","5":"has-post-thumbnail","7":"category-policia","8":"category-sem-categoria"},"_links":{"self":[{"href":"https:\/\/senoticias.com.br\/se\/wp-json\/wp\/v2\/posts\/84484"}],"collection":[{"href":"https:\/\/senoticias.com.br\/se\/wp-json\/wp\/v2\/posts"}],"about":[{"href":"https:\/\/senoticias.com.br\/se\/wp-json\/wp\/v2\/types\/post"}],"author":[{"embeddable":true,"href":"https:\/\/senoticias.com.br\/se\/wp-json\/wp\/v2\/users\/1"}],"replies":[{"embeddable":true,"href":"https:\/\/senoticias.com.br\/se\/wp-json\/wp\/v2\/comments?post=84484"}],"version-history":[{"count":0,"href":"https:\/\/senoticias.com.br\/se\/wp-json\/wp\/v2\/posts\/84484\/revisions"}],"wp:featuredmedia":[{"embeddable":true,"href":"https:\/\/senoticias.com.br\/se\/wp-json\/wp\/v2\/media\/84486"}],"wp:attachment":[{"href":"https:\/\/senoticias.com.br\/se\/wp-json\/wp\/v2\/media?parent=84484"}],"wp:term":[{"taxonomy":"category","embeddable":true,"href":"https:\/\/senoticias.com.br\/se\/wp-json\/wp\/v2\/categories?post=84484"},{"taxonomy":"post_tag","embeddable":true,"href":"https:\/\/senoticias.com.br\/se\/wp-json\/wp\/v2\/tags?post=84484"}],"curies":[{"name":"wp","href":"https:\/\/api.w.org\/{rel}","templated":true}]}}