{"id":84480,"date":"2015-09-30T16:05:51","date_gmt":"2015-09-30T19:05:51","guid":{"rendered":"http:\/\/senoticias.com.br\/se\/?p=84480"},"modified":"2015-09-30T16:07:59","modified_gmt":"2015-09-30T19:07:59","slug":"tribunal-de-justica-decide-que-tributo-relativo-a-extracao-de-minerio-deve-ser-repassado-para-capela-e-rosario","status":"publish","type":"post","link":"https:\/\/senoticias.com.br\/se\/tribunal-de-justica-decide-que-tributo-relativo-a-extracao-de-minerio-deve-ser-repassado-para-capela-e-rosario\/","title":{"rendered":"Tribunal de Justi\u00e7a decide que tributo relativo \u00e0 extra\u00e7\u00e3o de min\u00e9rio deve ser repassado para Capela e Ros\u00e1rio"},"content":{"rendered":"<div id=\"attachment_41149\" style=\"width: 310px\" class=\"wp-caption alignright\"><a href=\"http:\/\/senoticias.com.br\/se\/wp-content\/uploads\/2012\/11\/Justi\u00e7a-III.jpg\"><img loading=\"lazy\" decoding=\"async\" aria-describedby=\"caption-attachment-41149\" class=\"size-medium wp-image-41149\" alt=\"Justi\u00e7a manda repassar tributo, proporcional \u00e0 extra\u00e7\u00e3o do min\u00e9rio, a Capela e Ros\u00e1rio. (Divulga\u00e7\u00e3o)\" src=\"http:\/\/senoticias.com.br\/se\/wp-content\/uploads\/2012\/11\/Justi\u00e7a-III-300x184.jpg\" width=\"300\" height=\"184\" \/><\/a><p id=\"caption-attachment-41149\" class=\"wp-caption-text\">Justi\u00e7a manda repassar tributo, proporcional \u00e0 extra\u00e7\u00e3o do min\u00e9rio, a Capela e Ros\u00e1rio. (Divulga\u00e7\u00e3o)<\/p><\/div>\n<p style=\"text-align: justify;\">O Pleno do Tribunal de Justi\u00e7a de Sergipe apreciou, na manh\u00e3 de hoje, 30\/09, o Mandado de Seguran\u00e7a (MS), n\u00ba 201400129565, impetrado pelo munic\u00edpio de Capela contra um ato deliberativo proferido pelo Presidente do Tribunal de Contas de Sergipe que atribuiu exclusividade do Valor Adicionado Fiscal (VAF) para o munic\u00edpio de Ros\u00e1rio do Catete em raz\u00e3o da extra\u00e7\u00e3o do silvinita. O Desembargador Ricardo M\u00facio, Relator do MS, votou no sentido de que o tributo deve ser proporcionalmente rateado entre o munic\u00edpio onde o min\u00e9rio \u00e9 extra\u00eddo e tamb\u00e9m onde ele \u00e9 beneficiado. O voto dele foi acompanhado pela maioria do Colegiado.<\/p>\n<p style=\"text-align: justify;\">O Ato Deliberativo n\u00ba 861\/2014 do Tribunal de Contas do Estado alterou os \u00edndices definitivos do valor adicionado fiscal correspondentes \u00e0s declara\u00e7\u00f5es realizadas pela Vale Fertilizantes, exerc\u00edcio 2013, transferindo com exclusividade ao munic\u00edpio de Ros\u00e1rio de Catete o respectivo tributo, apesar de parte da extra\u00e7\u00e3o do min\u00e9rio ocorrer no territ\u00f3rio do Munic\u00edpio de Capela.<\/p>\n<p style=\"text-align: justify;\">\u201cO certo \u00e9 que o min\u00e9rio \u00e9 comercializado e n\u00e3o h\u00e1 a discrimina\u00e7\u00e3o do seu estado. Ou seja, se foi com\u00e9rcio de min\u00e9rio bruto ou min\u00e9rio beneficiado &#8211; e isto gera a presun\u00e7\u00e3o de que o com\u00e9rcio do produto foi na forma bruta, raz\u00e3o por que o munic\u00edpio de Capela faz jus ao cr\u00e9dito do VAF do ICMS decorrente do contribuinte Vale Fertilizantes S\/A, sendo ilegal o Ato Deliberativo n\u00ba 861\/2014 do Tribunal de Contas do Estado de Sergipe\u201d, destacou o magistrado.<\/p>\n<p style=\"text-align: justify;\">Ainda em seu voto, o Desembargador Ricardo M\u00facio lembrou que \u201ca reparti\u00e7\u00e3o do ICMS possibilita uma melhor distribui\u00e7\u00e3o da riqueza e fomenta a justi\u00e7a social em mais de um munic\u00edpio, garantindo os primados constitucionais de utiliza\u00e7\u00e3o do produto tribut\u00e1rio\u201d. A silvinita \u00e9 o min\u00e9rio de onde \u00e9 extra\u00eddo o pot\u00e1ssio, principal mat\u00e9ria-prima de fertilizantes.<\/p>\n<p style=\"text-align: justify;\"><strong>Acompanhe o SE Not\u00edcias no\u00a0<a href=\"https:\/\/twitter.com\/Senoticias\" target=\"_blank\">Twitter\u00a0<\/a>e no\u00a0<a href=\"https:\/\/www.facebook.com\/PortalSENoticias\" target=\"_blank\">Facebook<\/a><\/strong><\/p>\n<p style=\"text-align: justify;\"><strong><em>Ascom\/TJSE<\/em><\/strong><\/p>\n","protected":false},"excerpt":{"rendered":"<p>O Pleno do Tribunal de Justi\u00e7a de Sergipe apreciou, na manh\u00e3 de hoje, 30\/09, o Mandado de Seguran\u00e7a (MS), n\u00ba 201400129565, impetrado pelo munic\u00edpio de Capela contra um ato deliberativo proferido pelo Presidente do Tribunal de Contas de Sergipe que atribuiu exclusividade do Valor Adicionado Fiscal (VAF) para o munic\u00edpio de Ros\u00e1rio do Catete em [&hellip;]<\/p>\n","protected":false},"author":1,"featured_media":41149,"comment_status":"closed","ping_status":"closed","sticky":false,"template":"","format":"standard","meta":{"footnotes":""},"categories":[38,1],"tags":[],"class_list":{"0":"post-84480","1":"post","2":"type-post","3":"status-publish","4":"format-standard","5":"has-post-thumbnail","7":"category-municipios","8":"category-sem-categoria"},"_links":{"self":[{"href":"https:\/\/senoticias.com.br\/se\/wp-json\/wp\/v2\/posts\/84480"}],"collection":[{"href":"https:\/\/senoticias.com.br\/se\/wp-json\/wp\/v2\/posts"}],"about":[{"href":"https:\/\/senoticias.com.br\/se\/wp-json\/wp\/v2\/types\/post"}],"author":[{"embeddable":true,"href":"https:\/\/senoticias.com.br\/se\/wp-json\/wp\/v2\/users\/1"}],"replies":[{"embeddable":true,"href":"https:\/\/senoticias.com.br\/se\/wp-json\/wp\/v2\/comments?post=84480"}],"version-history":[{"count":0,"href":"https:\/\/senoticias.com.br\/se\/wp-json\/wp\/v2\/posts\/84480\/revisions"}],"wp:featuredmedia":[{"embeddable":true,"href":"https:\/\/senoticias.com.br\/se\/wp-json\/wp\/v2\/media\/41149"}],"wp:attachment":[{"href":"https:\/\/senoticias.com.br\/se\/wp-json\/wp\/v2\/media?parent=84480"}],"wp:term":[{"taxonomy":"category","embeddable":true,"href":"https:\/\/senoticias.com.br\/se\/wp-json\/wp\/v2\/categories?post=84480"},{"taxonomy":"post_tag","embeddable":true,"href":"https:\/\/senoticias.com.br\/se\/wp-json\/wp\/v2\/tags?post=84480"}],"curies":[{"name":"wp","href":"https:\/\/api.w.org\/{rel}","templated":true}]}}