{"id":84477,"date":"2015-09-30T15:50:12","date_gmt":"2015-09-30T18:50:12","guid":{"rendered":"http:\/\/senoticias.com.br\/se\/?p=84477"},"modified":"2015-10-01T13:23:51","modified_gmt":"2015-10-01T16:23:51","slug":"dupla-e-morta-apos-praticar-assalto-contra-uma-mulher-em-aracaju","status":"publish","type":"post","link":"https:\/\/senoticias.com.br\/se\/dupla-e-morta-apos-praticar-assalto-contra-uma-mulher-em-aracaju\/","title":{"rendered":"Dupla \u00e9 morta ap\u00f3s praticar assalto contra uma mulher, em Aracaju"},"content":{"rendered":"<p style=\"text-align: justify;\">Dois homens foram mortos no in\u00edcio da tarde desta quarta-feira (30) assaltarem uma mulher na avenida Nestor Sampaio, Bairro Luzia. De acordo com as primeiras informa\u00e7\u00f5es da pol\u00edcia, um homem que passava pelo local flagrou a a\u00e7\u00e3o dos criminosos e atirou contra a dupla.<b><\/b><\/p>\n<div style=\"text-align: justify;\"><b><b><\/b><\/b><\/p>\n<div id=\"attachment_84479\" style=\"width: 608px\" class=\"wp-caption aligncenter\"><a href=\"http:\/\/senoticias.com.br\/se\/wp-content\/uploads\/2015\/09\/Allj_TLf8pw4wAlpw5wEJGGJ_SiFhBL9tPTmYoDZASz-.jpg\"><img loading=\"lazy\" decoding=\"async\" aria-describedby=\"caption-attachment-84479\" class=\"size-full wp-image-84479\" alt=\"Os corpos foram encaminhados para o IML (Instituto M\u00e9dico Legal). (Foto: WhatSapp)\" src=\"http:\/\/senoticias.com.br\/se\/wp-content\/uploads\/2015\/09\/Allj_TLf8pw4wAlpw5wEJGGJ_SiFhBL9tPTmYoDZASz-.jpg\" width=\"598\" height=\"642\" srcset=\"https:\/\/senoticias.com.br\/se\/wp-content\/uploads\/2015\/09\/Allj_TLf8pw4wAlpw5wEJGGJ_SiFhBL9tPTmYoDZASz-.jpg 598w, https:\/\/senoticias.com.br\/se\/wp-content\/uploads\/2015\/09\/Allj_TLf8pw4wAlpw5wEJGGJ_SiFhBL9tPTmYoDZASz--279x300.jpg 279w, https:\/\/senoticias.com.br\/se\/wp-content\/uploads\/2015\/09\/Allj_TLf8pw4wAlpw5wEJGGJ_SiFhBL9tPTmYoDZASz--342x367.jpg 342w, https:\/\/senoticias.com.br\/se\/wp-content\/uploads\/2015\/09\/Allj_TLf8pw4wAlpw5wEJGGJ_SiFhBL9tPTmYoDZASz--300x322.jpg 300w, https:\/\/senoticias.com.br\/se\/wp-content\/uploads\/2015\/09\/Allj_TLf8pw4wAlpw5wEJGGJ_SiFhBL9tPTmYoDZASz--80x85.jpg 80w\" sizes=\"(max-width: 598px) 100vw, 598px\" \/><\/a><p id=\"caption-attachment-84479\" class=\"wp-caption-text\">Os corpos foram encaminhados para o IML (Instituto M\u00e9dico Legal). (Foto: WhatSapp)<\/p><\/div>\n<\/div>\n<p style=\"text-align: justify;\">De acordo com o sargento Albino, policial da 3\u00aa Companhia do 1\u00ba Batalh\u00e3o, os suspeitos eram moradores do Conjunto Bugio e j\u00e1 tinham passagem pela pol\u00edcia. O sargento tamb\u00e9m informou que n\u00e3o foi encontrada arma de fogo com os rapazes e que um deles estava com um par de chinelos na bermuda para simular que estava armado.<\/p>\n<p style=\"text-align: justify;\">O SAMU foi acionado, mas os suspeitos n\u00e3o resistiram e morreram no local. O nome dos dois nomes ainda n\u00e3o foi informado pela pol\u00edcia. A v\u00edtima da tentativa de assalto, foi encaminhada \u00e0 3\u00aa Delegacia Metropolitana para prestar depoimento e declarou que n\u00e3o viu o que aconteceu, pois, depois de ter seu celular roubado seguiu em frente e ao escutar os disparos pediu abrigo em uma resid\u00eancia. <strong><em>(Informa\u00e7\u00f5es do A8SE.com)<\/em><\/strong><\/p>\n<p style=\"text-align: justify;\"><strong>Acompanhe o SE Not\u00edcias no\u00a0<a href=\"https:\/\/twitter.com\/Senoticias\" target=\"_blank\">Twitter\u00a0<\/a>e no\u00a0<a href=\"https:\/\/www.facebook.com\/PortalSENoticias\" target=\"_blank\">Facebook<\/a><\/strong><\/p>\n","protected":false},"excerpt":{"rendered":"<p>Dois homens foram mortos no in\u00edcio da tarde desta quarta-feira (30) assaltarem uma mulher na avenida Nestor Sampaio, Bairro Luzia. De acordo com as primeiras informa\u00e7\u00f5es da pol\u00edcia, um homem que passava pelo local flagrou a a\u00e7\u00e3o dos criminosos e atirou contra a dupla. De acordo com o sargento Albino, policial da 3\u00aa Companhia do [&hellip;]<\/p>\n","protected":false},"author":1,"featured_media":84479,"comment_status":"closed","ping_status":"closed","sticky":false,"template":"","format":"standard","meta":{"footnotes":""},"categories":[7,1],"tags":[],"class_list":{"0":"post-84477","1":"post","2":"type-post","3":"status-publish","4":"format-standard","5":"has-post-thumbnail","7":"category-policia","8":"category-sem-categoria"},"_links":{"self":[{"href":"https:\/\/senoticias.com.br\/se\/wp-json\/wp\/v2\/posts\/84477"}],"collection":[{"href":"https:\/\/senoticias.com.br\/se\/wp-json\/wp\/v2\/posts"}],"about":[{"href":"https:\/\/senoticias.com.br\/se\/wp-json\/wp\/v2\/types\/post"}],"author":[{"embeddable":true,"href":"https:\/\/senoticias.com.br\/se\/wp-json\/wp\/v2\/users\/1"}],"replies":[{"embeddable":true,"href":"https:\/\/senoticias.com.br\/se\/wp-json\/wp\/v2\/comments?post=84477"}],"version-history":[{"count":0,"href":"https:\/\/senoticias.com.br\/se\/wp-json\/wp\/v2\/posts\/84477\/revisions"}],"wp:featuredmedia":[{"embeddable":true,"href":"https:\/\/senoticias.com.br\/se\/wp-json\/wp\/v2\/media\/84479"}],"wp:attachment":[{"href":"https:\/\/senoticias.com.br\/se\/wp-json\/wp\/v2\/media?parent=84477"}],"wp:term":[{"taxonomy":"category","embeddable":true,"href":"https:\/\/senoticias.com.br\/se\/wp-json\/wp\/v2\/categories?post=84477"},{"taxonomy":"post_tag","embeddable":true,"href":"https:\/\/senoticias.com.br\/se\/wp-json\/wp\/v2\/tags?post=84477"}],"curies":[{"name":"wp","href":"https:\/\/api.w.org\/{rel}","templated":true}]}}