{"id":84471,"date":"2015-09-30T15:30:29","date_gmt":"2015-09-30T18:30:29","guid":{"rendered":"http:\/\/senoticias.com.br\/se\/?p=84471"},"modified":"2015-09-30T15:31:58","modified_gmt":"2015-09-30T18:31:58","slug":"auditoria-publica-e-tema-de-palestra-que-acontece-no-tribunal-de-contas-do-estado","status":"publish","type":"post","link":"https:\/\/senoticias.com.br\/se\/auditoria-publica-e-tema-de-palestra-que-acontece-no-tribunal-de-contas-do-estado\/","title":{"rendered":"\u201cAuditoria P\u00fablica\u201d \u00e9 tema de palestra que acontece no Tribunal de Contas do Estado"},"content":{"rendered":"<div>\n<div id=\"attachment_84472\" style=\"width: 269px\" class=\"wp-caption alignright\"><a href=\"http:\/\/senoticias.com.br\/se\/wp-content\/uploads\/2015\/09\/88cf072f4ea000c6f2077bf8d8f3cd84.jpg\"><img loading=\"lazy\" decoding=\"async\" aria-describedby=\"caption-attachment-84472\" class=\"size-full wp-image-84472\" alt=\"Ant\u00f4nio Arias Rodriguez (Foto: Divulga\u00e7\u00e3o)\" src=\"http:\/\/senoticias.com.br\/se\/wp-content\/uploads\/2015\/09\/88cf072f4ea000c6f2077bf8d8f3cd84.jpg\" width=\"259\" height=\"205\" \/><\/a><p id=\"caption-attachment-84472\" class=\"wp-caption-text\">Ant\u00f4nio Arias Rodriguez (Foto: Divulga\u00e7\u00e3o)<\/p><\/div>\n<p style=\"text-align: justify;\">Os servidores do Tribunal de Contas do Estado de Sergipe (TCE\/SE) ter\u00e3o a oportunidade de assistir a palestra &#8220;Auditoria P\u00fablica: Experi\u00eancias e Desafios Futuros&#8221;, nesta segunda-feira, 5, das 8h \u00e0s 12h. O s\u00edndico (conselheiro) das Contas do Principado da Asturias, na Espanha, Ant\u00f4nio Arias Rodriguez, abordar\u00e1 o tema para os interessados.<\/p>\n<p style=\"text-align: justify;\">Os conselheiros Carlos Pinna de Assis e Carlos Alberto Sobral j\u00e1 confirmaram presen\u00e7a. O credenciamento come\u00e7a, pontualmente, \u00e0s 8horas. Ap\u00f3s a palestra, acontece um coffee break, seguido do encerramento com a presen\u00e7a do ministro Othon Rodrigues.<\/p>\n<p style=\"text-align: justify;\"><strong>Acompanhe o SE Not\u00edcias no\u00a0<a href=\"https:\/\/twitter.com\/Senoticias\" target=\"_blank\">Twitter\u00a0<\/a>e no\u00a0<a href=\"https:\/\/www.facebook.com\/PortalSENoticias\" target=\"_blank\">Facebook<\/a><\/strong><\/p>\n<\/div>\n<div>\n<div style=\"text-align: justify;\"><b>\u00a0<\/b><\/div>\n<div style=\"text-align: justify;\"><b>Da Diretoria de Comunica\u00e7\u00e3o e M\u00eddias do TCE\u00a0<\/b><\/div>\n<\/div>\n","protected":false},"excerpt":{"rendered":"<p>Os servidores do Tribunal de Contas do Estado de Sergipe (TCE\/SE) ter\u00e3o a oportunidade de assistir a palestra &#8220;Auditoria P\u00fablica: Experi\u00eancias e Desafios Futuros&#8221;, nesta segunda-feira, 5, das 8h \u00e0s 12h. O s\u00edndico (conselheiro) das Contas do Principado da Asturias, na Espanha, Ant\u00f4nio Arias Rodriguez, abordar\u00e1 o tema para os interessados. Os conselheiros Carlos Pinna [&hellip;]<\/p>\n","protected":false},"author":1,"featured_media":84472,"comment_status":"closed","ping_status":"closed","sticky":false,"template":"","format":"standard","meta":{"footnotes":""},"categories":[6,1],"tags":[],"class_list":{"0":"post-84471","1":"post","2":"type-post","3":"status-publish","4":"format-standard","5":"has-post-thumbnail","7":"category-politica","8":"category-sem-categoria"},"_links":{"self":[{"href":"https:\/\/senoticias.com.br\/se\/wp-json\/wp\/v2\/posts\/84471"}],"collection":[{"href":"https:\/\/senoticias.com.br\/se\/wp-json\/wp\/v2\/posts"}],"about":[{"href":"https:\/\/senoticias.com.br\/se\/wp-json\/wp\/v2\/types\/post"}],"author":[{"embeddable":true,"href":"https:\/\/senoticias.com.br\/se\/wp-json\/wp\/v2\/users\/1"}],"replies":[{"embeddable":true,"href":"https:\/\/senoticias.com.br\/se\/wp-json\/wp\/v2\/comments?post=84471"}],"version-history":[{"count":0,"href":"https:\/\/senoticias.com.br\/se\/wp-json\/wp\/v2\/posts\/84471\/revisions"}],"wp:featuredmedia":[{"embeddable":true,"href":"https:\/\/senoticias.com.br\/se\/wp-json\/wp\/v2\/media\/84472"}],"wp:attachment":[{"href":"https:\/\/senoticias.com.br\/se\/wp-json\/wp\/v2\/media?parent=84471"}],"wp:term":[{"taxonomy":"category","embeddable":true,"href":"https:\/\/senoticias.com.br\/se\/wp-json\/wp\/v2\/categories?post=84471"},{"taxonomy":"post_tag","embeddable":true,"href":"https:\/\/senoticias.com.br\/se\/wp-json\/wp\/v2\/tags?post=84471"}],"curies":[{"name":"wp","href":"https:\/\/api.w.org\/{rel}","templated":true}]}}