{"id":84467,"date":"2015-09-30T15:08:35","date_gmt":"2015-09-30T18:08:35","guid":{"rendered":"http:\/\/senoticias.com.br\/se\/?p=84467"},"modified":"2015-10-01T11:19:21","modified_gmt":"2015-10-01T14:19:21","slug":"sem-imposto-situacao-sera-insustentavel-diz-belivaldo-chagas","status":"publish","type":"post","link":"https:\/\/senoticias.com.br\/se\/sem-imposto-situacao-sera-insustentavel-diz-belivaldo-chagas\/","title":{"rendered":"\u2018Sem imposto, situa\u00e7\u00e3o ser\u00e1 insustent\u00e1vel\u2019, diz Belivaldo Chagas"},"content":{"rendered":"<p style=\"text-align: justify;\"><em><strong>T\u00e1ssio Andrade, do <a href=\"http:\/\/g1.globo.com\/se\/sergipe\/noticia\/2015\/09\/sem-imposto-situacao-sera-insustentavel-diz-belivaldo-chagas.html\" target=\"_blank\">G1SE<\/a><\/strong><\/em><\/p>\n<div id=\"attachment_84468\" style=\"width: 310px\" class=\"wp-caption alignright\"><a href=\"http:\/\/senoticias.com.br\/se\/wp-content\/uploads\/2015\/09\/beluvadochagas.jpg\"><img loading=\"lazy\" decoding=\"async\" aria-describedby=\"caption-attachment-84468\" class=\"size-full wp-image-84468\" alt=\"Belivaldo Chagas, governador em exerc\u00edcio (Foto: T\u00e1ssio Andrade\/G1)\" src=\"http:\/\/senoticias.com.br\/se\/wp-content\/uploads\/2015\/09\/beluvadochagas.jpg\" width=\"300\" height=\"225\" srcset=\"https:\/\/senoticias.com.br\/se\/wp-content\/uploads\/2015\/09\/beluvadochagas.jpg 300w, https:\/\/senoticias.com.br\/se\/wp-content\/uploads\/2015\/09\/beluvadochagas-60x45.jpg 60w, https:\/\/senoticias.com.br\/se\/wp-content\/uploads\/2015\/09\/beluvadochagas-150x113.jpg 150w, https:\/\/senoticias.com.br\/se\/wp-content\/uploads\/2015\/09\/beluvadochagas-269x201.jpg 269w\" sizes=\"(max-width: 300px) 100vw, 300px\" \/><\/a><p id=\"caption-attachment-84468\" class=\"wp-caption-text\">Belivaldo Chagas, governador em exerc\u00edcio<br \/>(Foto: T\u00e1ssio Andrade\/G1)<\/p><\/div>\n<p style=\"text-align: justify;\">O governador em exerc\u00edcio, Belivaldo Chagas, participou na manh\u00e3 desta ter\u00e7a-feira (30) de um evento no Pal\u00e1cio Governador Augusto Franco. Ele conversou sobre a pol\u00eamica da vota\u00e7\u00e3o do aumento da al\u00edquota do ICMS em 2%, que ocorre hoje na Assembleia Legislativa de\u00a0Sergipe\u00a0(Alese).<\/p>\n<p style=\"text-align: justify;\">A bancada do governo tem a maioria na Alese, 15 dos 24 deputados, 9 s\u00e3o da oposi\u00e7\u00e3o. \u201cTemos expectativa de aprovar esse projeto hoje, para termos um incremento nas contas do governo na ordem de aproximadamente R$ 200 milh\u00f5es, o que nos concede uma folga de R$ 20 milh\u00f5es por m\u00eas, j\u00e1 em 2016. E isso vai ajudar a tocar o pagamento da folha, A expectativa \u00e9 que num futuro pr\u00f3ximo, o estado volte a possuir instabilidade\u201d, explica o governador em exerc\u00edcio.<\/p>\n<p style=\"text-align: justify;\">Em rela\u00e7\u00e3o aos empres\u00e1rios que protestam contra o aumento, Belivaldo Chagas rebateu dizendo que a situa\u00e7\u00e3o de Sergipe e extremamente complicada, e sem o imposto o estado vai quebrar.\u00a0 \u201cTivemos uma reuni\u00e3o com os empres\u00e1rios que s\u00e3o contra o aumento. Mostramos a todas as entidades que estavam aqui a real situa\u00e7\u00e3o do estado, n\u00e3o ocorreu uma compreens\u00e3o. Mas, eles sa\u00edram assustados, pois viram o s\u00e9rio risco de chegar \u00e0 situa\u00e7\u00e3o que vive hoje o Estado do Rio Grande do Sul. Tem que buscar uma condi\u00e7\u00e3o para sair dessa crise ou vamos entrar em uma situa\u00e7\u00e3o insustent\u00e1vel, com atrasos de sal\u00e1rios, pagando no vig\u00e9simo dia do m\u00eas subsequente, com mais parcelamentos. \u00c9 uma situa\u00e7\u00e3o extremamente complicada e o governo n\u00e3o nega, esse \u00e9 um governo transparente\u201d.<\/p>\n<p style=\"text-align: justify;\"><strong>Acompanhe o SE Not\u00edcias no\u00a0<a href=\"https:\/\/twitter.com\/Senoticias\" target=\"_blank\">Twitter\u00a0<\/a>e no\u00a0<a href=\"https:\/\/www.facebook.com\/PortalSENoticias\" target=\"_blank\">Facebook<\/a><\/strong><\/p>\n","protected":false},"excerpt":{"rendered":"<p>T\u00e1ssio Andrade, do G1SE O governador em exerc\u00edcio, Belivaldo Chagas, participou na manh\u00e3 desta ter\u00e7a-feira (30) de um evento no Pal\u00e1cio Governador Augusto Franco. Ele conversou sobre a pol\u00eamica da vota\u00e7\u00e3o do aumento da al\u00edquota do ICMS em 2%, que ocorre hoje na Assembleia Legislativa de\u00a0Sergipe\u00a0(Alese). A bancada do governo tem a maioria na Alese, [&hellip;]<\/p>\n","protected":false},"author":1,"featured_media":84468,"comment_status":"closed","ping_status":"closed","sticky":false,"template":"","format":"standard","meta":{"footnotes":""},"categories":[6,1],"tags":[],"class_list":{"0":"post-84467","1":"post","2":"type-post","3":"status-publish","4":"format-standard","5":"has-post-thumbnail","7":"category-politica","8":"category-sem-categoria"},"_links":{"self":[{"href":"https:\/\/senoticias.com.br\/se\/wp-json\/wp\/v2\/posts\/84467"}],"collection":[{"href":"https:\/\/senoticias.com.br\/se\/wp-json\/wp\/v2\/posts"}],"about":[{"href":"https:\/\/senoticias.com.br\/se\/wp-json\/wp\/v2\/types\/post"}],"author":[{"embeddable":true,"href":"https:\/\/senoticias.com.br\/se\/wp-json\/wp\/v2\/users\/1"}],"replies":[{"embeddable":true,"href":"https:\/\/senoticias.com.br\/se\/wp-json\/wp\/v2\/comments?post=84467"}],"version-history":[{"count":0,"href":"https:\/\/senoticias.com.br\/se\/wp-json\/wp\/v2\/posts\/84467\/revisions"}],"wp:featuredmedia":[{"embeddable":true,"href":"https:\/\/senoticias.com.br\/se\/wp-json\/wp\/v2\/media\/84468"}],"wp:attachment":[{"href":"https:\/\/senoticias.com.br\/se\/wp-json\/wp\/v2\/media?parent=84467"}],"wp:term":[{"taxonomy":"category","embeddable":true,"href":"https:\/\/senoticias.com.br\/se\/wp-json\/wp\/v2\/categories?post=84467"},{"taxonomy":"post_tag","embeddable":true,"href":"https:\/\/senoticias.com.br\/se\/wp-json\/wp\/v2\/tags?post=84467"}],"curies":[{"name":"wp","href":"https:\/\/api.w.org\/{rel}","templated":true}]}}